{"616477":{"titulo":"Marco Polo Del Nero nega possibilidade de se licenciar da presid\u00eancia da CBF","link":"https:\/\/www.futebolinterior.com.br\/marco-polo-del-nero-nega-possibilidade-de-se-licenciar-da-presidencia-da-cbf\/","chapeu":"SER\u00c1?","data":"16\/09\/2015","imagem":"https:\/\/images.futebolinterior.com.br\/2021\/04\/0002050114657_img-300x197.jpg","resumo":"Deputado federal Marcus Vicente (PP-ES) foi cotado para assumir o cargo"},"616500":{"titulo":"Cear\u00e1 sobrevive entre os \"rebaixados\". Chances de queda S\u00e9rie B","link":"https:\/\/www.futebolinterior.com.br\/ceara-sobrevive-entre-os-rebaixados-chances-de-queda-serie-b\/","chapeu":"QUEM CAI?","data":"16\/09\/2015","imagem":"https:\/\/images.futebolinterior.com.br\/2021\/04\/0002050114590_img-300x200.jpg","resumo":"A situa\u00e7\u00e3o do Voz\u00e3o \u00e9 delicada, mas ABC, Mogi Mirim e Boa Esporte est\u00e3o ainda piores"},"616514":{"titulo":"Botafogo com os dois p\u00e9s na S\u00e9rie A e Am\u00e9rica-MG sonhando. Chances de acesso S\u00e9rie B!","link":"https:\/\/www.futebolinterior.com.br\/botafogo-com-os-dois-pes-na-serie-a-e-america-mg-sonhando-chances-de-acesso-serie-b\/","chapeu":"CONFIRA!","data":"16\/09\/2015","imagem":"https:\/\/images.futebolinterior.com.br\/2021\/04\/0002050114587_img-300x200.jpg","resumo":"Paysandu, Vit\u00f3ria e Bahia tamb\u00e9m est\u00e3o tranquilos quando o assunto \u00e9 estat\u00edstica"},"616521":{"titulo":"S\u00e9rie B: Paulo Henrique chega ao N\u00e1utico falando que cada jogo ser\u00e1 uma final pelo acesso","link":"https:\/\/www.futebolinterior.com.br\/serie-b-paulo-henrique-chega-ao-nautico-falando-que-cada-jogo-sera-uma-final-pelo-acesso\/","chapeu":"VAI QUE VAI!","data":"16\/09\/2015","imagem":"https:\/\/images.futebolinterior.com.br\/2021\/04\/0002050114576_img-300x225.jpg","resumo":"O jogador ser\u00e1 uma esp\u00e9cie de sombra para Gaton Filgueira, que vira e mexe desfalca o time"},"616531":{"titulo":"S\u00e9rie B: Martelotte aposta na arrancada do Santa Cruz na reta final","link":"https:\/\/www.futebolinterior.com.br\/serie-b-martelotte-aposta-na-arrancada-do-santa-cruz-na-reta-final\/","chapeu":"VAI QUE VAI!","data":"16\/09\/2015","imagem":"https:\/\/images.futebolinterior.com.br\/2021\/04\/0002050114572_img-300x201.jpg","resumo":"O Coral \u00e9 o s\u00e9timo colocado da S\u00e9rie B, com 41 pontos, a quatro do Bahia, primeiro do G4"},"616569":{"titulo":"S\u00e9rie B: Mesmo ap\u00f3s empate, Willian Ar\u00e3o v\u00ea Botafogo como 'time a ser batido'","link":"https:\/\/www.futebolinterior.com.br\/serie-b-mesmo-apos-empate-willian-arao-ve-botafogo-como-time-a-ser-batido\/","chapeu":"CONFIANTE!","data":"16\/09\/2015","imagem":"https:\/\/images.futebolinterior.com.br\/2021\/04\/0002050114556_img-300x201.jpg","resumo":"Empate com o Oeste n\u00e3o diminuiu a confian\u00e7a do volante Willian Ar\u00e3o, que garantiu nesta quarta que os cariocas seguem como time a ser batido. "},"616565":{"titulo":"Aos 43 anos, Rivaldo opera pela primeira vez e pode jogar nos EUA","link":"https:\/\/www.futebolinterior.com.br\/aos-43-anos-rivaldo-opera-pela-primeira-vez-e-pode-jogar-nos-eua\/","chapeu":"INCANS\u00c1VEL!","data":"16\/09\/2015","imagem":"https:\/\/images.futebolinterior.com.br\/2021\/04\/0002050114555_img-300x188.jpg","resumo":"Respons\u00e1vel pelo procedimento cir\u00fargico, o m\u00e9dico Joaquim Grava afirmou que tudo ocorreu bem e que em dois ou tr\u00eas meses Rivaldo pode voltar a jogar"},"616572":{"titulo":"S\u00e9rie B: Na s\u00famula, \u00e1rbitro relata inj\u00faria racial contra zagueiro do Maca\u00e9 e caso pode parar na Justi\u00e7a","link":"https:\/\/www.futebolinterior.com.br\/serie-b-na-sumula-arbitro-relata-injuria-racial-contra-zagueiro-do-macae-e-caso-pode-parar-na-justica\/","chapeu":"AT\u00c9 QUANDO?","data":"16\/09\/2015","imagem":"https:\/\/images.futebolinterior.com.br\/2021\/04\/0002050114547_img-300x222.png","resumo":"Se punido, o Bragantino pode perder mandos de campos, pontos na competi\u00e7\u00e3o e pagar multa que varia de R$ 100 a R$ 100 mil. "},"616574":{"titulo":"S\u00e9rie B: Bragantino contrata lateral Jorge Ara\u00fajo, da Sele\u00e7\u00e3o de Angola e ex-Porto","link":"https:\/\/www.futebolinterior.com.br\/serie-b-bragantino-contrata-lateral-jorge-araujo-da-selecao-de-angola-e-ex-porto\/","chapeu":"NOVIDADE","data":"16\/09\/2015","imagem":"https:\/\/images.futebolinterior.com.br\/2021\/04\/0002050114545_img-300x199.jpg","resumo":"Neste ano defendeu o Lucena, da Espanha, e logo em seguida foi para a Angola jogar pelo Desportivo Huila"},"616611":{"titulo":"S\u00e9rie B: Contra o Atl\u00e9tico-GO, volante Diego Lorenzi se credencia ao time titular do Am\u00e9rica-MG","link":"https:\/\/www.futebolinterior.com.br\/serie-b-contra-o-atletico-go-volante-diego-lorenzi-se-credencia-ao-time-titular-do-america-mg\/","chapeu":"OLHA ELE AI","data":"16\/09\/2015","imagem":"https:\/\/images.futebolinterior.com.br\/2021\/04\/0002050114519_img-300x177.jpg","resumo":"Um dos destaques do time no Estadual, o catarinense de 25 anos tem entrado no decorrer das partidas nas \u00faltimas rodadas"}}