{"616258":{"titulo":"R\u00e1dio FI e Conex\u00e3o FM transmitem duelo de paulistas e catarinenses","link":"https:\/\/www.futebolinterior.com.br\/radio-fi-e-conexao-fm-transmitem-duelo-de-paulistas-e-catarinenses\/","chapeu":"NO AR!","data":"17\/09\/2015","imagem":"https:\/\/images.futebolinterior.com.br\/2021\/04\/0002050114861_img-300x235.jpg","resumo":"R\u00e1dio FI e Conex\u00e3o FM transmitem duelo de paulistas e catarinenses\r\n"},"616263":{"titulo":"S\u00e9rie B: Advers\u00e1rios nesta sexta, Atl\u00e9tico-GO e Am\u00e9rica-MG viajam juntos a Goi\u00e2nia","link":"https:\/\/www.futebolinterior.com.br\/serie-b-adversarios-nesta-sexta-atletico-go-e-america-mg-viajam-juntos-a-goiania\/","chapeu":"TUDO JUNTO!","data":"17\/09\/2015","imagem":"https:\/\/images.futebolinterior.com.br\/2021\/04\/0002050114856_img.jpg","resumo":"Com objetivos opostos, os dois se enfrentam no Serra Dourada, em Goi\u00e2nia. As duas delega\u00e7\u00f5es se encontraram em S\u00e3o Paulo, na escala rumo \u00e0 capital goiana"},"616271":{"titulo":"S\u00e9rie B: Jorge Wagner elogia Vit\u00f3ria ap\u00f3s goleada sobre o Mogi Mirim","link":"https:\/\/www.futebolinterior.com.br\/serie-b-jorge-wagner-elogia-vitoria-apos-goleada-sobre-o-mogi-mirim\/","chapeu":"GOSTOU!","data":"17\/09\/2015","imagem":"https:\/\/images.futebolinterior.com.br\/2021\/04\/0002050114850_img-300x213.jpg","resumo":"Meia rubro-negro quer mais uma vit\u00f3ria diante do time potiguar na sexta-feira"},"616277":{"titulo":"S\u00e9rie B: T\u00e9cnico do Atl\u00e9tico-GO aguarda retornos de Jorginho e J\u00fanior Vi\u00e7osa contra o Am\u00e9rica-MG","link":"https:\/\/www.futebolinterior.com.br\/serie-b-tecnico-do-atletico-go-aguarda-retornos-de-jorginho-e-junior-vicosa-contra-o-america-mg\/","chapeu":"NO AGUARDO!","data":"17\/09\/2015","imagem":"https:\/\/images.futebolinterior.com.br\/2021\/04\/0002050114848_img-300x179.jpg","resumo":"Enquanto Vi\u00e7osa perdeu as \u00faltimas cinco partidas do Drag\u00e3o por les\u00e3o, Jorginho foi poupado por desgaste f\u00edsico na \u00faltima rodada "},"616290":{"titulo":"S\u00e9rie B: Am\u00e9rica-MG viaja desfigurado por reabilita\u00e7\u00e3o contra o Atl\u00e9tico-GO","link":"https:\/\/www.futebolinterior.com.br\/serie-b-america-mg-viaja-desfigurado-por-reabilitacao-contra-o-atletico-go\/","chapeu":"QUEM JOGA?","data":"17\/09\/2015","imagem":"https:\/\/images.futebolinterior.com.br\/2021\/04\/0002050114839_img-300x199.jpg","resumo":"Leandro Guerreiro e Rodrigo Souza, expulsos contra o CRB, s\u00e3o baixas certas"},"616317":{"titulo":"S\u00e9rie B: ABC treina com \u2018Pel\u00e9dno\u2019 para enfrentar o Vit\u00f3ria","link":"https:\/\/www.futebolinterior.com.br\/serie-b-abc-treina-com-peledno-para-enfrentar-o-vitoria\/","chapeu":"RETORNO","data":"17\/09\/2015","imagem":"https:\/\/images.futebolinterior.com.br\/2021\/04\/0002050114827_img-300x198.jpg","resumo":"O atacante Edno est\u00e1 recuperado de contus\u00e3o e treinou normalmente na \u00faltima quinta-feira"},"616327":{"titulo":"S\u00e9rie B: Vagner Mancini define Vit\u00f3ria com Escudero e novamente sem Mattis","link":"https:\/\/www.futebolinterior.com.br\/serie-b-vagner-mancini-define-vitoria-com-escudero-e-novamente-sem-mattis\/","chapeu":"T\u00c1 L\u00c1!","data":"17\/09\/2015","imagem":"https:\/\/images.futebolinterior.com.br\/2021\/04\/0002050114823_img-300x297.jpg","resumo":"O Vit\u00f3ria \u00e9 o terceiro colocado da S\u00e9rie B, com 45 pontos ganhos. Est\u00e1 a quatro do l\u00edder Botafogo, com 49"},"616347":{"titulo":"EXCLUSIVO! S\u00e9rgio Guedes n\u00e3o \u00e9 mais treinador do Mogi Mirim na S\u00e9rie B","link":"https:\/\/www.futebolinterior.com.br\/exclusivo-sergio-guedes-nao-e-mais-treinador-do-mogi-mirim-na-serie-b\/","chapeu":"FOI EMBORA","data":"17\/09\/2015","imagem":"https:\/\/images.futebolinterior.com.br\/2021\/04\/0002050114804_img-300x200.jpg","resumo":"S\u00e9rgio Guedes n\u00e3o \u00e9 mais t\u00e9cnico do Mogi Mirim na S\u00e9rie B do Campeonato Brasileiro"},"616389":{"titulo":"S\u00e9rie B: Paulinho Dias est\u00e1 pronto para atuar pelo Bahia","link":"https:\/\/www.futebolinterior.com.br\/serie-b-paulinho-dias-esta-pronto-para-atuar-pelo-bahia\/","chapeu":"\u00c0 DISPOSI\u00c7\u00c3O","data":"17\/09\/2015","imagem":"https:\/\/images.futebolinterior.com.br\/2021\/04\/0002050114776_img-263x300.jpg","resumo":"Emprestado pelo Atl\u00e9tico-PR at\u00e9 o fim da temporada, volante falou sobre a expectativa de entrar em campo na Arena Fonte Nova "},"616391":{"titulo":"S\u00e9rie B: Jorge Wagner prev\u00ea dureza para o Vit\u00f3ria contra o ABC","link":"https:\/\/www.futebolinterior.com.br\/serie-b-jorge-wagner-preve-dureza-para-o-vitoria-contra-o-abc\/","chapeu":"PEDREIRA","data":"17\/09\/2015","imagem":"https:\/\/images.futebolinterior.com.br\/2021\/04\/0002050114766_img-300x213.jpg","resumo":"Segundo o atleta, o fato do duelo ter sido transferido para a Arena das Dunas n\u00e3o muda muita coisa"}}