{"616137":{"titulo":"S\u00e9rie B: Paran\u00e1 perde dupla para o restante da temporada","link":"https:\/\/www.futebolinterior.com.br\/serie-b-parana-perde-dupla-para-o-restante-da-temporada\/","chapeu":"PROBLEMAS!","data":"18\/09\/2015","imagem":"https:\/\/images.futebolinterior.com.br\/2021\/04\/0002050114987_img-300x200.jpg","resumo":"Gustavo Sauer e Gabriel Leite, lesionados, devem retornar aos gramados apenas em 2016"},"616141":{"titulo":"S\u00e9rie B: Capit\u00e3o diz que Sampaio Corr\u00eaa encara duelo contra o Bahia como uma 'decis\u00e3o'","link":"https:\/\/www.futebolinterior.com.br\/serie-b-capitao-diz-que-sampaio-correa-encara-duelo-contra-o-bahia-como-uma-decisao\/","chapeu":"CONFRONTO DIRETO","data":"18\/09\/2015","imagem":"https:\/\/images.futebolinterior.com.br\/2021\/04\/0002050114986_img-300x222.jpg","resumo":"Volante atuou no tricolor baiano recentemente e pediu aten\u00e7\u00e3o no confronto de s\u00e1bado"},"616139":{"titulo":"S\u00e9rie B: Bahia estreia dupla RoKi contra o Sampaio Corr\u00eaa","link":"https:\/\/www.futebolinterior.com.br\/serie-b-bahia-estreia-dupla-roki-contra-o-sampaio-correa\/","chapeu":"QUE DUPLA, AMIGO!","data":"18\/09\/2015","imagem":"https:\/\/images.futebolinterior.com.br\/2021\/04\/0002050114984_img-300x225.jpg","resumo":"Kieza est\u00e1 de volta ao time e ter\u00e1 pela primeira vez Roger ao seu lado"},"616143":{"titulo":"S\u00e9rie B: Para manter embalo, lateral quer CRB ligado diante do Maca\u00e9","link":"https:\/\/www.futebolinterior.com.br\/serie-b-para-manter-embalo-lateral-quer-crb-ligado-diante-do-macae\/","chapeu":"ATEN\u00c7\u00c3O","data":"18\/09\/2015","imagem":"https:\/\/images.futebolinterior.com.br\/2021\/04\/0002050114983_img-300x222.jpg","resumo":"Lateral-esquerdo vem crescendo de produ\u00e7\u00e3o a cada rodada na segundona"},"616186":{"titulo":"Dunga chamou tr\u00eas titulares do Corinthians para as Eliminat\u00f3rias","link":"https:\/\/www.futebolinterior.com.br\/dunga-chamou-tres-titulares-do-corinthians-para-as-eliminatorias\/","chapeu":"OPINI\u00c3O","data":"18\/09\/2015","imagem":"https:\/\/images.futebolinterior.com.br\/2021\/04\/0002050114958_img-298x300.jpg","resumo":"Treinador da Sele\u00e7\u00e3o Brasileira convocou mais uma vez nosso escrete, agora com vistas as Eliminat\u00f3rias da Copa do Mundo"},"616200":{"titulo":"Ricardo Gomes confirma volta de Giaretta ao Botafogo para sexta","link":"https:\/\/www.futebolinterior.com.br\/ricardo-gomes-confirma-volta-de-giaretta-ao-botafogo-para-sexta\/","chapeu":"CONFIRMADO!","data":"17\/09\/2015","imagem":"https:\/\/images.futebolinterior.com.br\/2021\/04\/0002050114906_img.jpg","resumo":"O zagueiro cumpriu suspens\u00e3o na \u00faltima partida e foi confirmado como titular por Ricardo Gomes nesta quinta. "},"616196":{"titulo":"S\u00e9rie B: Santa Cruz chega em acordo sem entrar na Justi\u00e7a e renova com meia","link":"https:\/\/www.futebolinterior.com.br\/serie-b-santa-cruz-chega-em-acordo-sem-entrar-na-justica-e-renova-com-meia\/","chapeu":"ELE FICA!","data":"17\/09\/2015","imagem":"https:\/\/images.futebolinterior.com.br\/2021\/04\/0002050114904_img-300x200.jpg","resumo":"Raniel publicou mensagem em rede social assegurando sua perman\u00eancia no clube pernambucano"},"616210":{"titulo":"Atl\u00e9tico-GO x Am\u00e9rica-MG - Irregular, Coelho precisa vencer pra seguir na luta pelo G4","link":"https:\/\/www.futebolinterior.com.br\/atletico-go-x-america-mg-irregular-coelho-precisa-vencer-pra-seguir-na-luta-pelo-g4\/","chapeu":"BRIGAS DIFERENTES!","data":"17\/09\/2015","imagem":"https:\/\/images.futebolinterior.com.br\/2021\/04\/0002050114891_img-300x216.jpg","resumo":"Ap\u00f3s desperdi\u00e7ar a chance de encostar no G4 com a derrota para o CRB na \u00faltima ter\u00e7a, o Coelho visita o Atl\u00e9tico-GO nesta sexta, no Serra Dourada"},"616224":{"titulo":"ABC x Vit\u00f3ria - Ainda \"virgem\" em casa, Elefante precisa reagir contra o forte Le\u00e3o da Barra","link":"https:\/\/www.futebolinterior.com.br\/abc-x-vitoria-ainda-virgem-em-casa-elefante-precisa-reagir-contra-o-forte-leao-da-barra\/","chapeu":"AGORA VAI?","data":"17\/09\/2015","imagem":"https:\/\/images.futebolinterior.com.br\/2021\/04\/0002050114886_img-300x160.jpg","resumo":"O time potiguar ainda n\u00e3o venceu em 15 jogos como mandante na S\u00e9rie B do Campeonato Brasileiro"},"616228":{"titulo":"S\u00c9RIE B: Vit\u00f3ria enfrenta ABC e seca Botafogo para colar na lideran\u00e7a","link":"https:\/\/www.futebolinterior.com.br\/serie-b-vitoria-enfrenta-abc-e-seca-botafogo-para-colar-na-lideranca\/","chapeu":"QUE DIA!","data":"17\/09\/2015","imagem":"https:\/\/images.futebolinterior.com.br\/2021\/04\/0002050114885_img-300x200.jpg","resumo":"No outro jogo da rodada, o Am\u00e9rica-MG tenta chegar no G4 contra o Atl\u00e9tico-GO"}}