{"615001":{"titulo":"Atl\u00e9tico-GO 0 x 0 Crici\u00fama - A zona de rebaixamento ainda est\u00e1 perto...","link":"https:\/\/www.futebolinterior.com.br\/atletico-go-0-x-0-criciuma-a-zona-de-rebaixamento-ainda-esta-perto\/","chapeu":"TUDO IGUAL!","data":"22\/09\/2015","imagem":"https:\/\/images.futebolinterior.com.br\/2021\/04\/0002050116098_img-300x177.jpg","resumo":"Drag\u00e3o e Tigre fecharam enfim a 23\u00aa rodada do Campeonato Brasileiro da S\u00e9rie B"},"615010":{"titulo":"Botafogo 2 x 1 Maca\u00e9 - Com gola\u00e7o e falha grotesca, Fog\u00e3o dispara na lideran\u00e7a","link":"https:\/\/www.futebolinterior.com.br\/botafogo-2-x-1-macae-com-golaco-e-falha-grotesca-fogao-dispara-na-lideranca\/","chapeu":"DEVER DE CASA BEM FEITO!","data":"22\/09\/2015","imagem":0,"resumo":"A falha bizarra do goleiro do Maca\u00e9 abriu o caminho para mais uma vit\u00f3ria do Fog\u00e3o, que est\u00e1 invicto h\u00e1 sete jogos na S\u00e9rie B "},"615023":{"titulo":"S\u00e9rie B: Goleiro Rafael cita Marcos, ex-Palmeiras, no frangasso contra Botafogo","link":"https:\/\/www.futebolinterior.com.br\/serie-b-goleiro-rafael-cita-marcos-ex-palmeiras-no-frangasso-contra-botafogo\/","chapeu":"VEJA O V\u00cdDEO!","data":"22\/09\/2015","imagem":0,"resumo":"O primeiro gol do Fog\u00e3o na partida saiu de uma recuada de Igor Juli\u00e3o, que enganou o arqueiro do Maca\u00e9"},"615058":{"titulo":"S\u00e9rie B: Vit\u00f3ria troca Barrad\u00e3o por Pitua\u00e7\u00e3o e treina finaliza\u00e7\u00f5es","link":"https:\/\/www.futebolinterior.com.br\/serie-b-vitoria-troca-barradao-por-pituacao-e-treina-finalizacoes\/","chapeu":"NO GOL!","data":"22\/09\/2015","imagem":"https:\/\/images.futebolinterior.com.br\/2021\/04\/0002050116052_img-300x199.jpg","resumo":"O t\u00e9cnico Vagner Mancini optou por treinar no Pitua\u00e7\u00e3o nesta ter\u00e7a-feira, no segundo dia de atividades visando o duelo com o vice-l\u00edder Paysandu"},"615068":{"titulo":"S\u00e9rie B: Com a semana livre, Gilmar Dal Pozzo prepara time para reencontro com o ABC","link":"https:\/\/www.futebolinterior.com.br\/serie-b-com-a-semana-livre-gilmar-dal-pozzo-prepara-time-para-reencontro-com-o-abc\/","chapeu":"PENSANDO NO S\u00c1BADO!","data":"22\/09\/2015","imagem":"https:\/\/images.futebolinterior.com.br\/2021\/04\/0002050116041_img-300x225.jpg","resumo":"O treinador, que comemorou o meio de semana sem jogos, vai rever ABC, que treinou ainda nesta temporada, s\u00e1bado, na Arena Pernambuco"},"615066":{"titulo":"R\u00e1dios FI e Bragan\u00e7a transmitem duelo da S\u00e9rie B do Brasileiro nesta ter\u00e7a-feira","link":"https:\/\/www.futebolinterior.com.br\/radios-fi-e-braganca-transmitem-duelo-da-serie-b-do-brasileiro-nesta-terca-feira\/","chapeu":"HOJE TEM R\u00c1DIO FI!","data":"22\/09\/2015","imagem":"https:\/\/images.futebolinterior.com.br\/2021\/04\/0002050116049_img-201x300.jpg","resumo":"R\u00e1dios FI e Bragan\u00e7a transmitem duelo da S\u00e9rie B do Brasileiro nesta ter\u00e7a-feira"},"615082":{"titulo":"S\u00e9rie B: Rafinha desfalca ABC por cinco rodadas e Su\u00e9liton sofre queimadura no p\u00e9","link":"https:\/\/www.futebolinterior.com.br\/serie-b-rafinha-desfalca-abc-por-cinco-rodadas-e-sueliton-sofre-queimadura-no-pe\/","chapeu":"ABC REMENDADO!","data":"22\/09\/2015","imagem":"https:\/\/images.futebolinterior.com.br\/2021\/04\/0002050116034_img-300x200.jpg","resumo":"Exame de imagem revelou les\u00e3o grave na coxa direita de Rafinha, enquanto o Su\u00e9liton sofreu uma acidente dom\u00e9stico que gerou uma queimadura no p\u00e9 e n\u00e3o tem previs\u00e3o de volta"},"615085":{"titulo":"Clube de Varginha transmite duelo da S\u00e9rie B do Brasileiro nesta ter\u00e7a-feira","link":"https:\/\/www.futebolinterior.com.br\/clube-de-varginha-transmite-duelo-da-serie-b-do-brasileiro-nesta-terca-feira\/","chapeu":"OU\u00c7A A CLUBE!","data":"22\/09\/2015","imagem":"https:\/\/images.futebolinterior.com.br\/2021\/04\/0002050116030_img-300x182.jpg","resumo":"Clube de Varginha transmite duelo da S\u00e9rie B do Brasileiro nesta ter\u00e7a-feira"},"615105":{"titulo":"S\u00e9rie B: Sem espa\u00e7o com S\u00e9rgio Soares, Tony rescinde com o Bahia e retorna para o Gr\u00eamio","link":"https:\/\/www.futebolinterior.com.br\/serie-b-sem-espaco-com-sergio-soares-tony-rescinde-com-o-bahia-e-retorna-para-o-gremio\/","chapeu":"N\u00c3O DEU CERTO...","data":"22\/09\/2015","imagem":"https:\/\/images.futebolinterior.com.br\/2021\/04\/0002050116019_img-300x143.jpg","resumo":"O contrato de empr\u00e9stimo com o tricolor baiano iria at\u00e9 o final da temporada, mas, sem chances com o t\u00e9cnico S\u00e9rgio Soares, Tony retorna ao Tricolor ga\u00facho"},"615159":{"titulo":"S\u00e9rie B: Mogi Mirim contrata t\u00e9cnico M\u00e1rcio Goiano","link":"https:\/\/www.futebolinterior.com.br\/serie-b-mogi-mirim-contrata-tecnico-marcio-goiano\/","chapeu":"EXPERI\u00caNCIA EM PESSOA","data":"22\/09\/2015","imagem":"https:\/\/images.futebolinterior.com.br\/2021\/04\/0002050115981_img-300x191.jpg","resumo":"O treinador ser\u00e1 apresentado ainda nesta ter\u00e7a-feira no Sap\u00e3o para a S\u00e9rie B"}}