{"614850":{"titulo":"S\u00e9rie B: Atacante volta a sentir les\u00e3o e deve desfalcar o Paysandu","link":"https:\/\/www.futebolinterior.com.br\/serie-b-atacante-volta-a-sentir-lesao-e-deve-desfalcar-o-paysandu\/","chapeu":"AUMENTOU A LISTA","data":"23\/09\/2015","imagem":"https:\/\/images.futebolinterior.com.br\/2021\/04\/0002050116256_img-300x188.jpg","resumo":"O atacante voltou a reclamar de dores musculares e ainda ser\u00e1 melhor avaliado antes de viajar com o elenco \u00e0 Salvador"},"614872":{"titulo":"R\u00e1dio Futebol Interior transmite jogos dos paulistas na Copa do Brasil","link":"https:\/\/www.futebolinterior.com.br\/radio-futebol-interior-transmite-jogos-dos-paulistas-na-copa-do-brasil\/","chapeu":"OU\u00c7A A R\u00c1DIO FI!","data":"23\/09\/2015","imagem":"https:\/\/images.futebolinterior.com.br\/2021\/04\/0002050116231_img-300x226.jpg","resumo":"R\u00e1dio Futebol Interior transmite jogos dos paulistas na Copa do Brasil\r\n"},"614918":{"titulo":"ENQUETE FI: Mais um 7 x 1? Rafinha deixa Sele\u00e7\u00e3o e sonha com Alemanha","link":"https:\/\/www.futebolinterior.com.br\/enquete-fi-mais-um-7-x-1-rafinha-deixa-selecao-e-sonha-com-alemanha\/","chapeu":"VIROU PASSEIO","data":"23\/09\/2015","imagem":"https:\/\/images.futebolinterior.com.br\/2021\/04\/0002050116189_img-300x190.jpg","resumo":"A Sele\u00e7\u00e3o Brasileira realmente perdeu o prest\u00edgio de alguns anos atr\u00e1s"},"614922":{"titulo":"S\u00e9rie B: Zagueiro cobra aten\u00e7\u00e3o do Bahia diante do Luverdense","link":"https:\/\/www.futebolinterior.com.br\/serie-b-zagueiro-cobra-atencao-do-bahia-diante-do-luverdense\/","chapeu":"DE OLHO","data":"23\/09\/2015","imagem":"https:\/\/images.futebolinterior.com.br\/2021\/04\/0002050116187_img-300x200.jpg","resumo":"Zagueiro tricolor espera dificuldades diante do LEC fora de casa"},"614971":{"titulo":"S\u00e9rie B: Ricardo Gomes descarta acesso do Botafogo e brinca sobre matem\u00e1tica","link":"https:\/\/www.futebolinterior.com.br\/serie-b-ricardo-gomes-descarta-acesso-do-botafogo-e-brinca-sobre-matematica\/","chapeu":"FALA PROFESSOR!","data":"22\/09\/2015","imagem":"https:\/\/images.futebolinterior.com.br\/2021\/04\/0002050116133_img-300x200.jpg","resumo":"O Fog\u00e3o est\u00e1 com os dois p\u00e9s na elite do futebol brasileiro, que deve ser uma quest\u00e3o de tempo"},"614976":{"titulo":"S\u00c9RIE B: Botafogo dispara na lideran\u00e7a, Bragantino vence Boa e empate em jogo adiado entre Atl\u00e9tico-GO e Crici\u00fama","link":"https:\/\/www.futebolinterior.com.br\/serie-b-botafogo-dispara-na-lideranca-bragantino-vence-boa-e-empate-em-jogo-adiado-entre-atletico-go-e-criciuma\/","chapeu":"DISPARADA DO FOG\u00c3O","data":"22\/09\/2015","imagem":"https:\/\/images.futebolinterior.com.br\/2021\/04\/0002050116121_img-300x121.jpg","resumo":"O time carioca bateu o Maca\u00e9, em duelo estadual, enquanto o Braga superou o Boa Esporte, por 2 a 1, nesta ter\u00e7a-feira \u00e0 noite, que ainda teve um jogo adiado da 23.\u00aa rodada"},"614973":{"titulo":"S\u00e9rie B: Petkovic detona arbitragem ap\u00f3s empate sem gols com o Atl\u00e9tico-GO","link":"https:\/\/www.futebolinterior.com.br\/serie-b-petkovic-detona-arbitragem-apos-empate-sem-gols-com-o-atletico-go\/","chapeu":"RECLAMOU","data":"22\/09\/2015","imagem":"https:\/\/images.futebolinterior.com.br\/2021\/04\/0002050116122_img-300x170.jpg","resumo":"O Crici\u00fama n\u00e3o conseguiu bater o Drag\u00e3o nesta ter\u00e7a-feira e segue longe da zona de acesso \u00e0 elite do futebol nacional"},"614985":{"titulo":"Bragantino 2 x 1 Boa Esporte - Massa Bruta volta a vencer e segue sonhando com o acesso","link":"https:\/\/www.futebolinterior.com.br\/bragantino-2-x-1-boa-esporte-massa-bruta-volta-a-vencer-e-segue-sonhando-com-o-acesso\/","chapeu":"AINDA D\u00c1!","data":"22\/09\/2015","imagem":0,"resumo":"O Boa chega \u00e0 nona partida sem vencer, com oito derrotas seguidas e se complica na luta contra o rebaixamento"},"614989":{"titulo":"Palmeiras tenta tirar volante Jean do Paran\u00e1. \u00c9 para quem pode!","link":"https:\/\/www.futebolinterior.com.br\/palmeiras-tenta-tirar-volante-jean-do-parana-e-para-quem-pode\/","chapeu":"NOVO ALVO!","data":"22\/09\/2015","imagem":"https:\/\/images.futebolinterior.com.br\/2021\/04\/0002050116109_img-300x225.jpg","resumo":"O Verd\u00e3o j\u00e1 usou a S\u00e9rie B para contratar Thiago Santos junto ao Am\u00e9rica-MG"},"614993":{"titulo":"S\u00e9rie B: Sampaio Corr\u00eaa apresenta atacante \u00c9der Santana como \u00faltimo refor\u00e7o da temporada","link":"https:\/\/www.futebolinterior.com.br\/serie-b-sampaio-correa-apresenta-atacante-eder-santana-como-ultimo-reforco-da-temporada\/","chapeu":"CHEGOU!","data":"22\/09\/2015","imagem":"https:\/\/images.futebolinterior.com.br\/2021\/04\/0002050116105_img-300x225.jpg","resumo":"O jogador j\u00e1 trabalhou com o t\u00e9cnico L\u00e9o Cond\u00e9, atual comandante da Bol\u00edvia Querida, no Tupi, no ano de 2014"}}