{"615161":{"titulo":"Pela S\u00e9rie B, Wellington Saci pede aten\u00e7\u00e3o ao CRB contra o Mogi Mirim no Rei Pel\u00e9","link":"https:\/\/www.futebolinterior.com.br\/pela-serie-b-wellington-saci-pede-atencao-ao-crb-contra-o-mogi-mirim-no-rei-pele\/","chapeu":"COBRAN\u00c7A...","data":"22\/09\/2015","imagem":"https:\/\/images.futebolinterior.com.br\/2021\/04\/0002050115978_img-300x188.jpg","resumo":"Com 34 pontos e na 12\u00ba coloca\u00e7\u00e3o na tabela de classifica\u00e7\u00e3o da S\u00e9rie B do Campeonato Brasileiro, o CRB encara o Mogi Mirim, lanterna da competi\u00e7\u00e3o, no s\u00e1bado, em casa"},"615204":{"titulo":"Vin\u00edcius do Palmeiras deixa Cear\u00e1, mas perde janela dos Emirados \u00c1rabes","link":"https:\/\/www.futebolinterior.com.br\/vinicius-do-palmeiras-deixa-ceara-mas-perde-janela-dos-emirados-arabes\/","chapeu":"E AGORA?","data":"22\/09\/2015","imagem":"https:\/\/images.futebolinterior.com.br\/2021\/04\/0002050115940_img-300x170.jpg","resumo":"A negocia\u00e7\u00e3o do atacante Vin\u00edcius se tornou mais complexa do que o esperado pelos dirigentes do Palmeiras"},"615212":{"titulo":"S\u00e9rie B: Diones quer Sampaio Corr\u00eaa ligado no Santa Cruz para voltar ao G4","link":"https:\/\/www.futebolinterior.com.br\/serie-b-diones-quer-sampaio-correa-ligado-no-santa-cruz-para-voltar-ao-g4\/","chapeu":"PREPARA\u00c7\u00c3O","data":"22\/09\/2015","imagem":"https:\/\/images.futebolinterior.com.br\/2021\/04\/0002050115937_img-300x225.jpg","resumo":"Capit\u00e3o da equipe maranhense espera triunfo no Castel\u00e3o"},"615250":{"titulo":"S\u00e9rie B: Am\u00e9rica-MG tem seis refor\u00e7os para partida desta sexta-feira","link":"https:\/\/www.futebolinterior.com.br\/serie-b-america-mg-tem-seis-reforcos-para-partida-desta-sexta-feira\/","chapeu":"DE VOLTA!","data":"22\/09\/2015","imagem":"https:\/\/images.futebolinterior.com.br\/2021\/04\/0002050115913_img.jpg","resumo":"O experiente meia Mancini foi um dos jogadores que voltaram a treinar com o elenco nesta sexta-feira"},"615248":{"titulo":"S\u00e9rie B: Seis jogadores do ABC n\u00e3o treinam e s\u00e3o submetidos a exames de imagem","link":"https:\/\/www.futebolinterior.com.br\/serie-b-seis-jogadores-do-abc-nao-treinam-e-sao-submetidos-a-exames-de-imagem\/","chapeu":"NO DM!","data":"21\/09\/2015","imagem":"https:\/\/images.futebolinterior.com.br\/2021\/04\/0002050115914_img-300x200.jpg","resumo":"O time potiguar volta a campo no pr\u00f3ximo s\u00e1bado, \u00e0s 16h30, contra o N\u00e1utico"},"615252":{"titulo":"S\u00e9rie B: De volta a casa, jogadores do Paran\u00e1 convocam a torcida para confronto do pr\u00f3ximo s\u00e1bado","link":"https:\/\/www.futebolinterior.com.br\/serie-b-de-volta-a-casa-jogadores-do-parana-convocam-a-torcida-para-confronto-do-proximo-sabado\/","chapeu":"QUEREM CASA CHEIA!","data":"21\/09\/2015","imagem":"https:\/\/images.futebolinterior.com.br\/2021\/04\/0002050115912_img-300x200.jpg","resumo":"Sem jogo no meio de semana, o time paranista enfrenta o Atl\u00e9tico-GO na Vila Capanema"},"615282":{"titulo":"S\u00e9rie B: Ricardo Gomes fecha treino, mas Luis Ricardo revela time do Botafogo","link":"https:\/\/www.futebolinterior.com.br\/serie-b-ricardo-gomes-fecha-treino-mas-luis-ricardo-revela-time-do-botafogo\/","chapeu":"LACRADO!","data":"21\/09\/2015","imagem":"https:\/\/images.futebolinterior.com.br\/2021\/04\/0002050115892_img.jpg","resumo":"O lateral acabou estragando os planos do treinador de fazer mist\u00e9rio ao confirmar os retornos do lateral Carleto e do atacante Navarro para o jogo contra o Maca\u00e9"},"615280":{"titulo":"Atl\u00e9tico-GO x Crici\u00fama - Drag\u00e3o e Tigre t\u00eam chance de respirar na S\u00e9rie B em partida atrasada da 23\u00aa rodada","link":"https:\/\/www.futebolinterior.com.br\/atletico-go-x-criciuma-dragao-e-tigre-tem-chance-de-respirar-na-serie-b-em-partida-atrasada-da-23a-rodada\/","chapeu":"T\u00c1 DIF\u00cdCIL","data":"21\/09\/2015","imagem":"https:\/\/images.futebolinterior.com.br\/2021\/04\/0002050115881_img-300x169.jpg","resumo":"Os dois times vivem momento delicado na competi\u00e7\u00e3o e podem resperiar em caso de vit\u00f3ria nesta ter\u00e7a-feira"},"615288":{"titulo":"Botafogo x Maca\u00e9 \u2013 L\u00edder isolado, Glorioso tem confronto regional na S\u00e9rie B","link":"https:\/\/www.futebolinterior.com.br\/botafogo-x-macae-lider-isolado-glorioso-tem-confronto-regional-na-serie-b\/","chapeu":"VAI PRA CIMA!","data":"21\/09\/2015","imagem":"https:\/\/images.futebolinterior.com.br\/2021\/04\/0002050115880_img-300x200.jpg","resumo":"Os resultados da \u00faltima rodada ajudaram e o Fog\u00e3o j\u00e1 abriu cinco pontos em rela\u00e7\u00e3o ao segundo colocado Paysandu"},"615293":{"titulo":"Com a presen\u00e7a de Alexandre Gallo, Camarote RF critica as constantes trocas de t\u00e9cnicos no Brasileir\u00e3o","link":"https:\/\/www.futebolinterior.com.br\/com-a-presenca-de-alexandre-gallo-camarote-rf-critica-as-constantes-trocas-de-tecnicos-no-brasileirao\/","chapeu":"IMPERD\u00cdVEL!","data":"21\/09\/2015","imagem":"https:\/\/images.futebolinterior.com.br\/2021\/04\/0002050115865_img-300x217.jpg","resumo":"Al\u00e9m da dan\u00e7a dos t\u00e9cnicos, o programa tamb\u00e9m comentou sobre a rodada do fim de semana e pediu a profissionaliza\u00e7\u00e3o da profiss\u00e3o de treinador no Brasil"}}