{"614631":{"titulo":"Douglas faz xixi no gramado do Maracan\u00e3 no empate do Gr\u00eamio com o Fluminense","link":"https:\/\/www.futebolinterior.com.br\/douglas-faz-xixi-no-gramado-do-maracana-no-empate-do-gremio-com-o-fluminense\/","chapeu":"MITO","data":"24\/09\/2015","imagem":0,"resumo":"Com a bola rolando, o empate de 0 a 0 entre Gr\u00eamio e Fluminense foi muito aqu\u00e9m do esperado para um jogo de quartas de final da Copa do Brasil"},"614644":{"titulo":"Clubes brasileiros poder\u00e3o aderir a parcelamento de d\u00edvidas at\u00e9 30 de novembro","link":"https:\/\/www.futebolinterior.com.br\/clubes-brasileiros-poderao-aderir-a-parcelamento-de-dividas-ate-30-de-novembro\/","chapeu":"SAIU DO PAPEL","data":"24\/09\/2015","imagem":"https:\/\/images.futebolinterior.com.br\/2021\/04\/0002050116498_img-300x200.jpg","resumo":"As d\u00edvidas poder\u00e3o ser pagas em at\u00e9 240 meses, com desconto de 70% das multas, 40% dos juros e 100% dos encargos legais"},"614660":{"titulo":"Fifa deve impedir lateral brasileiro Rafinha de jogar pela Alemanha","link":"https:\/\/www.futebolinterior.com.br\/fifa-deve-impedir-lateral-brasileiro-rafinha-de-jogar-pela-alemanha\/","chapeu":"N\u00c3O N\u00c3O","data":"24\/09\/2015","imagem":"https:\/\/images.futebolinterior.com.br\/2021\/04\/0002050116486_img-300x169.jpg","resumo":"Ao pedir dispensa da sele\u00e7\u00e3o brasileira, o lateral-direito Rafinha deixou claro que pretende atuar pela sele\u00e7\u00e3o da Alemanha. Mas as chances de conseguir realizar o seu desejo n\u00e3o s"},"614696":{"titulo":"S\u00e9rie B: Paran\u00e1 define novo presidente para os pr\u00f3ximos tr\u00eas anos","link":"https:\/\/www.futebolinterior.com.br\/serie-b-parana-define-novo-presidente-para-os-proximos-tres-anos\/","chapeu":"ELEI\u00c7\u00c3O","data":"23\/09\/2015","imagem":"https:\/\/images.futebolinterior.com.br\/2021\/04\/0002050116377_img-300x187.jpg","resumo":"Leonardo de Oliveira, da chapa \u201cReconstru\u00e7\u00e3o Tricolor\u201d venceu a elei\u00e7\u00e3o nesta quarta-feira"},"614718":{"titulo":"Assembleia do RJ libera venda e consumo de cerveja nos est\u00e1dios","link":"https:\/\/www.futebolinterior.com.br\/assembleia-do-rj-libera-venda-e-consumo-de-cerveja-nos-estadios\/","chapeu":"BORA BEBEMORAR?","data":"23\/09\/2015","imagem":"https:\/\/images.futebolinterior.com.br\/2021\/04\/0002050116348_img-300x169.jpg","resumo":"Agora, o governador Luiz Fernando Pez\u00e3o tem 15 dias para sancionar a lei"},"614730":{"titulo":"S\u00e9rie B: Boa Esporte perde Al\u00ea, ex-S\u00e3o Paulo, para o S\u00e3o Bento","link":"https:\/\/www.futebolinterior.com.br\/serie-b-boa-esporte-perde-ale-ex-sao-paulo-para-o-sao-bento\/","chapeu":"PULOU FORA!","data":"23\/09\/2015","imagem":"https:\/\/images.futebolinterior.com.br\/2021\/04\/0002050116341_img-169x300.jpg","resumo":"O meia Danilinho e o lateral Ronaldo tamb\u00e9m refor\u00e7am o Azul\u00e3o na Copa Paulista"},"614744":{"titulo":"Rom\u00e1rio dispara contra Del Nero: \"\u00c9 um c\u00e2ncer do futebol\"","link":"https:\/\/www.futebolinterior.com.br\/romario-dispara-contra-del-nero-e-um-cancer-do-futebol\/","chapeu":"CPI DO FUTEBOL","data":"23\/09\/2015","imagem":"https:\/\/images.futebolinterior.com.br\/2021\/04\/0002050116332_img-300x169.jpg","resumo":"O ex-jogador e hoje senador entrou em discuss\u00e3o acalorada com Jo\u00e3o Alberto em mais uma reuni\u00e3o da CPI do Futebol"},"614821":{"titulo":"S\u00e9rie B: T\u00e9cnicdo do Oeste diz que time quer roubar pontos diante do Cear\u00e1","link":"https:\/\/www.futebolinterior.com.br\/serie-b-tecnicdo-do-oeste-diz-que-time-quer-roubar-pontos-diante-do-ceara\/","chapeu":"SERIA LEGAL","data":"23\/09\/2015","imagem":"https:\/\/images.futebolinterior.com.br\/2021\/04\/0002050116275_img-300x300.jpg","resumo":"A \u00fanica baixa do treinador para o desafio \u00e9 o zagueiro Halisson, que segue lesionado e entregue ao departamento m\u00e9dico"},"614829":{"titulo":"S\u00e9rie B: Diretoria do Sampaio Corr\u00eaa 'banca' despesas extras durante semana longe do Maranh\u00e3o","link":"https:\/\/www.futebolinterior.com.br\/serie-b-diretoria-do-sampaio-correa-banca-despesas-extras-durante-semana-longe-do-maranhao\/","chapeu":"PELO G4","data":"23\/09\/2015","imagem":"https:\/\/images.futebolinterior.com.br\/2021\/04\/0002050116268_img-300x225.jpg","resumo":"Diretoria Tricolor bancou semana fora para melhor condi\u00e7\u00f5es de trabalho ao grupo"},"614839":{"titulo":"S\u00e9rie B: Confus\u00e3o e empurra-empurra marcam venda de ingressos para Vit\u00f3ria e Paysandu","link":"https:\/\/www.futebolinterior.com.br\/serie-b-confusao-e-empurra-empurra-marcam-venda-de-ingressos-para-vitoria-e-paysandu\/","chapeu":"BAFAFA","data":"23\/09\/2015","imagem":"https:\/\/images.futebolinterior.com.br\/2021\/04\/0002050116261_img-300x225.jpg","resumo":"Num dos pontos de venda, o Shopping Capemi, os torcedores formaram filas desde \u00e1s 9 horas"}}