{"614495":{"titulo":"R\u00e1dio Futebol Interior transmite duelo da Copa Sul-Americana nesta quinta-feira","link":"https:\/\/www.futebolinterior.com.br\/radio-futebol-interior-transmite-duelo-da-copa-sul-americana-nesta-quinta-feira\/","chapeu":"HOJE FUTEBOL NA R\u00c1DIO FI!","data":"24\/09\/2015","imagem":"https:\/\/images.futebolinterior.com.br\/2021\/04\/0002050116607_img-300x250.jpg","resumo":"R\u00e1dios Futebol Interior transmite duelo da Copa Sul-Americana nesta quinta-feira"},"614497":{"titulo":"S\u00e9rie B: T\u00e9cnico do Bragantino tem dois desfalques para o jogo contra o Santa Cruz","link":"https:\/\/www.futebolinterior.com.br\/serie-b-tecnico-do-bragantino-tem-dois-desfalques-para-o-jogo-contra-o-santa-cruz\/","chapeu":"PROBLEMAS A VISTA","data":"24\/09\/2015","imagem":"https:\/\/images.futebolinterior.com.br\/2021\/04\/0002050116601_img-300x150.jpg","resumo":"O t\u00e9cnico Wagner Lopes n\u00e3o poder\u00e1 contar com dois jogadores importante de seu esquema. Mois\u00e9s e Jocinei est\u00e3o suspensos e n\u00e3o jogam contra o Santa Cruz (PE), em Recife (PE)"},"614505":{"titulo":"S\u00e9rie B: Otismista, Ednei n\u00e3o joga a toalha e confia em rea\u00e7\u00e3o do ABC","link":"https:\/\/www.futebolinterior.com.br\/serie-b-otismista-ednei-nao-joga-a-toalha-e-confia-em-reacao-do-abc\/","chapeu":"SEM JOGAR A TOALHA!","data":"24\/09\/2015","imagem":"https:\/\/images.futebolinterior.com.br\/2021\/04\/0002050116593_img-300x198.jpg","resumo":"Vice-lanterna com 23 pontos, o Mais Querido tem uma parada dif\u00edcil neste s\u00e1bado contra o N\u00e1utico, na Arena Pernambuco"},"614513":{"titulo":"S\u00e9rie B: Sem Barreto, Petkovic confirma Marc\u00e3o no meio campo contra Am\u00e9rica-MG","link":"https:\/\/www.futebolinterior.com.br\/serie-b-sem-barreto-petkovic-confirma-marcao-no-meio-campo-contra-america-mg\/","chapeu":"VAI PRO JOGO!","data":"24\/09\/2015","imagem":"https:\/\/images.futebolinterior.com.br\/2021\/04\/0002050116590_img-300x170.jpg","resumo":"O volante, que n\u00e3o foi nem relacionado no empate com o Atl\u00e9tico-GO, assume a titularidade na vaga do jovem Barreto, suspenso pelo terceiro amarelo"},"614536":{"titulo":"S\u00e9rie B: Com a presen\u00e7a no G4 amea\u00e7ada, Bahia \u00e9 um dos times que mais empatou","link":"https:\/\/www.futebolinterior.com.br\/serie-b-com-a-presenca-no-g4-ameacada-bahia-e-um-dos-times-que-mais-empatou\/","chapeu":"EMPATIBILIDADE!","data":"24\/09\/2015","imagem":"https:\/\/images.futebolinterior.com.br\/2021\/04\/0002050116565_img-300x200.jpg","resumo":"O Tricolor chegou ao 10\u00ba empate na competi\u00e7\u00e3o na \u00faltima rodada, quando ficou no 1 a 1 com o Sampaio Corr\u00eaa na Fonte Nova e corre riscos de sair do G4"},"614548":{"titulo":"S\u00e9rie B: \u00c0 espera de Ricardo, Luverdense deve ter for\u00e7a m\u00e1xima contra o Bahia","link":"https:\/\/www.futebolinterior.com.br\/serie-b-a-espera-de-ricardo-luverdense-deve-ter-forca-maxima-contra-o-bahia\/","chapeu":"FOR\u00c7A M\u00c1XIMA!","data":"24\/09\/2015","imagem":"https:\/\/images.futebolinterior.com.br\/2021\/04\/0002050116560_img.jpg","resumo":"Se o volante tiver condi\u00e7\u00f5es de jogo, a \u00fanica baixa para o s\u00e1bado diante do Tricolor baiano, no Passo das Emas, ser\u00e1 o volante Revson, expulso na \u00faltima partida."},"614552":{"titulo":"S\u00e9rie B: Am\u00e9rica-MG tem retorno de artilheiro e outros tr\u00eas contra o Crici\u00fama","link":"https:\/\/www.futebolinterior.com.br\/serie-b-america-mg-tem-retorno-de-artilheiro-e-outros-tres-contra-o-criciuma\/","chapeu":"A\u00cd SIM","data":"24\/09\/2015","imagem":"https:\/\/images.futebolinterior.com.br\/2021\/04\/0002050116558_img-300x199.jpg","resumo":"Quem foi relacionado e comemorou o fato de poder atuar \u00e9 o meia Paulinho Silva, contratado a pouco tempo"},"614566":{"titulo":"S\u00e9rie B: T\u00e9cnico exalta poder ofensivo do Santa Cruz nas \u00faltimas partidas","link":"https:\/\/www.futebolinterior.com.br\/serie-b-tecnico-exalta-poder-ofensivo-do-santa-cruz-nas-ultimas-partidas\/","chapeu":"MUITO BEM","data":"24\/09\/2015","imagem":"https:\/\/images.futebolinterior.com.br\/2021\/04\/0002050116549_img-300x137.jpg","resumo":"No s\u00e1bado, o Santa quer continuar mantendo esse bom retrospecto contra o Sampaio Corr\u00eaa"},"614601":{"titulo":"S\u00e9rie B: Diego Giaretta exalta supera\u00e7\u00e3o do Botafogo e festeja maior per\u00edodo de descanso","link":"https:\/\/www.futebolinterior.com.br\/serie-b-diego-giaretta-exalta-superacao-do-botafogo-e-festeja-maior-periodo-de-descanso\/","chapeu":"DESCANSO MERECIDO!","data":"24\/09\/2015","imagem":"https:\/\/images.futebolinterior.com.br\/2021\/04\/0002050116542_img-300x169.jpg","resumo":"O zagueiro exaltou a supera\u00e7\u00e3o apresentada pelo time botafoguense, que \u00e9 o l\u00edder disparado da S\u00e9rie B, com 55 pontos"},"614621":{"titulo":"S\u00e9rie B: T\u00e9cnico do N\u00e1utico valoriza semana intensa de trabalhos ap\u00f3s vit\u00f3ria em Bel\u00e9m","link":"https:\/\/www.futebolinterior.com.br\/serie-b-tecnico-do-nautico-valoriza-semana-intensa-de-trabalhos-apos-vitoria-em-belem\/","chapeu":"GOSTOU!","data":"24\/09\/2015","imagem":"https:\/\/images.futebolinterior.com.br\/2021\/04\/0002050116509_img-300x225.jpg","resumo":"Satisfeito com a possibilidade e depois da primeira vit\u00f3ria no comando Timbu, Gilmar Dal Pozzo falou sobre os meandros da S\u00e9rie B, al\u00e9m de projetar o duelo diante do ABC"}}