{"1841691":{"titulo":"Torcedores do Vasco protestam contra m\u00e1 fase e atacam dirigentes e SAF","link":"https:\/\/www.futebolinterior.com.br\/torcedores-vasco-protestam\/","chapeu":"M\u00c1 FASE","data":"25\/05\/2023","imagem":"https:\/\/images.futebolinterior.com.br\/2023\/05\/vasco1-1-e1685031180418-300x171.jpg","resumo":"Torcedores do Vasco protestam contra a m\u00e1 fase e a diretoria do clube, expondo faixas com cr\u00edticas \u00e0 transpar\u00eancia e a presen\u00e7a da 777 Partners"},"1841667":{"titulo":"Santos assina contrato profissional com jovem talento Pep\u00ea Fermino","link":"https:\/\/www.futebolinterior.com.br\/santos-assina-jovem-talento-base\/","chapeu":"PROMESSA","data":"25\/05\/2023","imagem":"https:\/\/images.futebolinterior.com.br\/2023\/05\/santos-fc-pepe-300x251.jpg","resumo":"O meia-atacante Pep\u00ea Fermino assinou seu primeiro contrato profissional como jogador do Santos "},"1841613":{"titulo":"Dorival Jr surpreende e recoloca o S\u00e3o Paulo nos trilhos","link":"https:\/\/www.futebolinterior.com.br\/dorival-jr-surpreende-e-recoloca-o-sao-paulo-nos-trilhos\/","chapeu":"OPINI\u00c3O","data":"25\/05\/2023","imagem":"https:\/\/images.futebolinterior.com.br\/2023\/05\/dorivaljr-e1684991950857-300x212.jpg","resumo":"O t\u00e9cnico s\u00e3opaulino une os jogadores ao seu redor e consegue tirar o m\u00e1ximo de cada um, que foi dispensado do Flamengo injustamente"},"1841336":{"titulo":"Tina Turner cantou para Ayrton Senna e afirmou : 'O melhor!'","link":"https:\/\/www.futebolinterior.com.br\/tina-turner-cantou-para-ayrton-senna-e-afirmou-o-melhor\/","chapeu":"ENCONTRO","data":"24\/05\/2023","imagem":"https:\/\/images.futebolinterior.com.br\/2023\/05\/Tina-Turner-0Ayrton-Senna-reproducao-300x157.jpg","resumo":"\"Eu sou uma f\u00e3, sou uma grande f\u00e3. Estou muito animada. Voc\u00eas sabem quem \u00e9 ele? Senna, claro, o vencedor do GP. Bem, o melhor. O melhor!\","},"1841076":{"titulo":"Conhe\u00e7a Deivid Washington, apelidado pela torcida de 'presidente', o novo camisa 9 do Santos","link":"https:\/\/www.futebolinterior.com.br\/conheca-deivid-washington-santos\/","chapeu":"JOIA!","data":"24\/05\/2023","imagem":"https:\/\/images.futebolinterior.com.br\/2023\/05\/deivid-washington-santos-300x186.png","resumo":"\"Jovem atacante sobe para o time profissional ap\u00f3s se destacar na base do Santos e resolve problema da equipe no ataque"},"1841060":{"titulo":"Corinthians entra na briga com Botafogo e Inter por meia-atacante uruguaio","link":"https:\/\/www.futebolinterior.com.br\/corinthians-entra-na-briga-rojas\/","chapeu":"","data":"24\/05\/2023","imagem":"https:\/\/images.futebolinterior.com.br\/2023\/05\/matias-racing-300x199.jpg","resumo":"O Corinthians entrou em contato com os agentes do meia-atacante Mat\u00edas Rojas, atualmente no Racing, para negociar a contrata\u00e7\u00e3o do uruguaio"},"1841063":{"titulo":"Entrada de Joaquim ajuda Santos a ter a melhor defesa do Brasileir\u00e3o","link":"https:\/\/www.futebolinterior.com.br\/entrada-de-joaquim-ajuda-santos-a-ter-a-melhor-defesa-do-brasileirao\/","chapeu":"O CARA","data":"24\/05\/2023","imagem":"https:\/\/images.futebolinterior.com.br\/2023\/05\/joaquim-zagueiro-santos011-300x210.jpg","resumo":"O Santos terminou a s\u00e9tima rodada do Campeonato Brasileiro com apenas cinco gols sofridos, sendo que n\u00e3o foi vazado nos \u00faltimos tr\u00eas jogos"},"1840812":{"titulo":"Z\u00e9 Maria, \u00eddolo do Corinthians, tem a pris\u00e3o decretada","link":"https:\/\/www.futebolinterior.com.br\/ze-maria-idolo-do-corinthians-tem-a-prisao-decretada\/","chapeu":"UMA PENA","data":"23\/05\/2023","imagem":"https:\/\/images.futebolinterior.com.br\/2021\/11\/FD4Bwc9WQAED9AX-300x279.jpg","resumo":"O ex-lateral afirmou que o filho tem uma empresa e por causa disso havia pedido a suspens\u00e3o da cobran\u00e7a da pens\u00e3o. Mas n\u00e3o deu certo."},"1840421":{"titulo":"STJD denuncia Athletico-PR por gesto racista de torcedor contra flamenguistas","link":"https:\/\/www.futebolinterior.com.br\/stjd-denuncia-athletico-gesto-racista\/","chapeu":"PUNIDO","data":"23\/05\/2023","imagem":"https:\/\/images.futebolinterior.com.br\/2023\/05\/racista-athletico-300x182.png","resumo":"O Superior Tribunal de Justi\u00e7a Desportiva (STJD) denunciou o Athletico-PR por causa de um gesto racista de um torcedor em dire\u00e7\u00e3o a flamenguistas"},"1840358":{"titulo":"CPI da Manipula\u00e7\u00e3o de Resultados vai refazer passos da investiga\u00e7\u00e3o de esquema revelado em GO","link":"https:\/\/www.futebolinterior.com.br\/cpi-manipulacao-refazer-passos\/","chapeu":"OPERA\u00c7\u00c3O","data":"23\/05\/2023","imagem":"https:\/\/images.futebolinterior.com.br\/2023\/05\/cpi-300x185.jpg","resumo":""}}