{"1842035":{"titulo":"Qual \u00e9 a rela\u00e7\u00e3o entre Abel Ferreira, do Palmeiras, e o diretor do PSG, Lu\u00eds Campos?","link":"https:\/\/www.futebolinterior.com.br\/qual-e-a-relacao-entre-abel-ferreira-do-palmeiras-e-o-diretor-do-psg-luis-campos\/","chapeu":"AMIGOS?","data":"25\/05\/2023","imagem":"https:\/\/images.futebolinterior.com.br\/2023\/05\/abel-ferreiraaaa-300x185.jpg","resumo":"Campos foi treinador de futebol antes de iniciar a empreitada como dirigente. Um dos clubes que ele comandou foi o Penafiel, clube da cidade de Abel e no qual o t\u00e9cnico do Palmeiras despontou para o futebol como lateral-direito"},"1842011":{"titulo":"STJD marca julgamento de jogadores investigados por participa\u00e7\u00e3o em esquema de apostas","link":"https:\/\/www.futebolinterior.com.br\/stjd-marca-julgamento-penalidade-maxima\/","chapeu":"1\u00ba DE JUNHO","data":"25\/05\/2023","imagem":"https:\/\/images.futebolinterior.com.br\/2023\/05\/STJD-300x225.webp","resumo":"Os oitos jogadores ser\u00e3o julgados pelo STJD no pr\u00f3ximo dia 1\u00ba de junho, com possibilidade de banimento do futebol"},"1841949":{"titulo":"Libra derruba garantias m\u00ednimas somente para Corinthians e Flamengo e promete para todos","link":"https:\/\/www.futebolinterior.com.br\/libra-derruba-garantias-minimas-somente-para-corinthians-e-flamengo-e-promete-para-todos\/","chapeu":"LIBRA","data":"25\/05\/2023","imagem":"https:\/\/images.futebolinterior.com.br\/2023\/05\/flamengo-corinthians-300x185.png","resumo":"A Liga do Futebol Brasileiro aprovou na ter\u00e7a-feira o fim de garantias m\u00ednimas de receita somente para Corinthians e Flamengo"},"1841934":{"titulo":"Vereador quer proibir jogos durante a semana em tr\u00eas est\u00e1dios de Goi\u00e1s","link":"https:\/\/www.futebolinterior.com.br\/vereador-proibir-jogos-semana-goias\/","chapeu":"BARROU?","data":"25\/05\/2023","imagem":"https:\/\/images.futebolinterior.com.br\/2023\/05\/imagem_2023-05-25_175052964-300x216.png","resumo":"Segundo o vereador, o projeto de lei quer ajudar no direito de ir e vir da popula\u00e7\u00e3o que se encontra atrapalhada pelo alto fluxo de ve\u00edculos"},"1841907":{"titulo":"Diretor de Comunica\u00e7\u00e3o do Cruzeiro est\u00e1 confirmado na Confut Sudamericana 2023","link":"https:\/\/www.futebolinterior.com.br\/diretor-de-comunicacao-do-cruzeiro-esta-confirmado-na-confut-sudamericana-2023\/","chapeu":"CONFIRMADO","data":"25\/05\/2023","imagem":"https:\/\/images.futebolinterior.com.br\/2023\/05\/Victor-Rios-300x300.jpg","resumo":"Sudamericana busca promover um ambiente de neg\u00f3cios, networking e exposi\u00e7\u00e3o de conte\u00fados \n"},"1841838":{"titulo":"Camacho, do Santos, entra com nova a\u00e7\u00e3o na Justi\u00e7a contra o Corinthians","link":"https:\/\/www.futebolinterior.com.br\/camacho-nova-acao-contra-corinthians\/","chapeu":"DE NOVO","data":"25\/05\/2023","imagem":"https:\/\/images.futebolinterior.com.br\/2023\/05\/camacho-300x237.jpg","resumo":""},"1841823":{"titulo":"David e M\u00e9ndez avan\u00e7am em recupera\u00e7\u00e3o e fazem treino completo no S\u00e3o Paulo","link":"https:\/\/www.futebolinterior.com.br\/david-mendez-treinam-sao-paulo\/","chapeu":"TRANSI\u00c7\u00c3O","data":"25\/05\/2023","imagem":"https:\/\/images.futebolinterior.com.br\/2023\/05\/sp-mendez-300x251.jpg","resumo":""},"1841830":{"titulo":"Corinthians treina no CT do Boca Juniors de olho em jogo contra o Fluminense","link":"https:\/\/www.futebolinterior.com.br\/corinthians-de-olho-fluminense\/","chapeu":"PREOCUPADO!","data":"25\/05\/2023","imagem":"https:\/\/images.futebolinterior.com.br\/2023\/05\/luxemburgo-1-300x199.jpg","resumo":"Vindo de uma sequ\u00eancia dif\u00edcil, o Corinthians est\u00e1 preocupado com o jogo deste domingo, contra o Fluminense, pelo Brasileir\u00e3o"},"1841804":{"titulo":"Luxemburgo reconhece fase ruim do Corinthians: ''Se estivesse bem, eu n\u00e3o estaria aqui''","link":"https:\/\/www.futebolinterior.com.br\/luxemburgo-fase-ruim-corinthians\/","chapeu":"ADMITIU","data":"25\/05\/2023","imagem":"https:\/\/images.futebolinterior.com.br\/2023\/05\/corinhians-luxeemburgo-300x167.jpg","resumo":"Em entrevista coletiva ap\u00f3s o empate sem gols pela Libertadores, Luxemburgo admitiu a fase delicada que vive o Corinthians na temporada"},"1841721":{"titulo":"Ap\u00f3s hist\u00f3ria no ABC, t\u00e9cnico multicampe\u00e3o entra na mira de clubes do Nordeste","link":"https:\/\/www.futebolinterior.com.br\/apos-historia-no-abc-tecnico-multicampeao-entra-na-mira-de-clubes-do-nordeste\/","chapeu":"NO MERCADO","data":"25\/05\/2023","imagem":"https:\/\/images.futebolinterior.com.br\/2023\/05\/marchiori-1-300x177.jpg","resumo":""}}