{"1840307":{"titulo":"Santos considera comprar Soteldo mas vai avaliar desempenho do meia ap\u00f3s les\u00e3o","link":"https:\/\/www.futebolinterior.com.br\/santos-considera-comprar-soteldo\/","chapeu":"PLANOS","data":"23\/05\/2023","imagem":"https:\/\/images.futebolinterior.com.br\/2023\/05\/soteldo98-300x198.jpg","resumo":"O Santos tem planos para comprar o meia Soteldo em definitivo, mas aguarda rendimento do jogador ap\u00f3s les\u00e3o na coxa esquerda"},"1840269":{"titulo":"Gabriel Menino \u00e9 convocado a comparecer \u00e0 CPI da Manipula\u00e7\u00e3o de Resultados","link":"https:\/\/www.futebolinterior.com.br\/gabriel-menino-convocado-cpi\/","chapeu":"REQUERIDO","data":"23\/05\/2023","imagem":"https:\/\/images.futebolinterior.com.br\/2023\/05\/gabriel-menini-300x200.jpg","resumo":"O atacante Gabriel Menino, do Palmeiras, foi convocado pelo deputado federal Luciano Vieira a comparecer \u00e0 CPI da Manipula\u00e7\u00e3o de Resultados"},"1840258":{"titulo":"Flamengo sonda Allan, do Atl\u00e9tico-MG; Sampaoli aprova","link":"https:\/\/www.futebolinterior.com.br\/flamengo-sonda-allan-atletico-mg\/","chapeu":"DEU AVAL","data":"23\/05\/2023","imagem":"https:\/\/images.futebolinterior.com.br\/2023\/05\/atletico-mg-300x191.jpg","resumo":"Com aval do t\u00e9cnico Jorge Sampaoli, a diretoria do Flamengo est\u00e1 interessada na contrata\u00e7\u00e3o de Allan, volante do Atl\u00e9tico-MG"},"1840189":{"titulo":"Deyverson rouba a cena na vit\u00f3ria do Cuiab\u00e1 sobre o Cruzeiro","link":"https:\/\/www.futebolinterior.com.br\/deyverson-rouba-a-cena-na-vitoria-do-cuiaba-sobre-o-cruzeiro\/","chapeu":"DEYVIN","data":"23\/05\/2023","imagem":"https:\/\/images.futebolinterior.com.br\/2023\/05\/deyverson-mao-fechada-cuiaba-300x188.jpg","resumo":"Ele marcou o gol do Cuiab\u00e1, aos 36 minutos, que deu ao Dourado a vit\u00f3ria que o livrou, neste momento, da zona de rebaixamento"},"1840070":{"titulo":"Com zagueiro artilheiro, Sele\u00e7\u00e3o FI da 7\u00aa rodada do Brasileir\u00e3o chega no 3-4-3","link":"https:\/\/www.futebolinterior.com.br\/com-zagueiro-artilheiro-selecao-fi-da-7a-rodada-do-brasileirao-chega-no-3-4-3-falta-meia\/","chapeu":"OS MELHORES","data":"22\/05\/2023","imagem":"https:\/\/images.futebolinterior.com.br\/2023\/05\/Leo-Pereira-Selecao-300x200.jpg","resumo":"Al\u00e9m disso, tem uma defesa forte, com destaque para L\u00e9o Pereira, do Flamengo, que depois que se machucou no cl\u00e1ssico contra o Corinthians, jogou alguns minutos improvisado como centroavante e marcou o gol da vit\u00f3ria do Rubro-Negro"},"1840146":{"titulo":"PLACAR FI: Confira os resultados desta SEGUNDA-FEIRA","link":"https:\/\/www.futebolinterior.com.br\/placar-fi-confira-os-resultados-desta-segunda-feira-6\/","chapeu":"GIRO DO DIA","data":"22\/05\/2023","imagem":"https:\/\/images.futebolinterior.com.br\/2023\/05\/placar-segunda-300x157.jpg","resumo":"Marcada por encerramento de rodadas nos campeonatos nacionais, destaque para a vit\u00f3ria do Cuiab\u00e1 sobre o Cruzeiro, por 1 a 0 pelo Brasileir\u00e3o\n"},"1840147":{"titulo":"Cruzeiro 0 x 1 Cuiab\u00e1 - Deyverson marca em triunfo do Dourado","link":"https:\/\/www.futebolinterior.com.br\/cruzeiro-0-x-1-cuiaba-deyverson-marca-em-triunfo-do-dourado\/","chapeu":"ILUMINADO!","data":"22\/05\/2023","imagem":"https:\/\/images.futebolinterior.com.br\/2023\/05\/deyverson-300x200.jpeg","resumo":""},"1840043":{"titulo":"Bahia tem semana livre de prepara\u00e7\u00e3o para jogo com Internacional","link":"https:\/\/www.futebolinterior.com.br\/bahia-semana-preparacao-internacional\/","chapeu":"APROVADO","data":"22\/05\/2023","imagem":"https:\/\/images.futebolinterior.com.br\/2023\/04\/cauly-bahia-300x225.jpg","resumo":"Bahia tem longo per\u00edodo para esquecer empate com o Goi\u00e1s e permitir\u00e1 ao t\u00e9cnico Renato Paiva realizar novos testes em sua equipe"},"1840068":{"titulo":"Internacional demite diretor executivo e coordenador t\u00e9cnico; Mano segue no clube","link":"https:\/\/www.futebolinterior.com.br\/internacional-demite-diretor-executivo-e-coordenador-tecnico-mano-segue-no-clube\/","chapeu":"LIMPA","data":"22\/05\/2023","imagem":"https:\/\/images.futebolinterior.com.br\/2022\/10\/Mano-Mebezes-banco-Ricardo-Duarte-SCI-e1666847325644-300x208.jpg","resumo":"Contestado no cargo, o t\u00e9cnico Mano Menezes continua no comando do Colorado."},"1839801":{"titulo":"S\u00e3o Paulo assume lideran\u00e7a no Ranking da CBF de maior m\u00e9dia de p\u00fablico pagante","link":"https:\/\/www.futebolinterior.com.br\/sao-paulo-lideranca-ranking-cbf-pagante\/","chapeu":"RANKING","data":"22\/05\/2023","imagem":"https:\/\/images.futebolinterior.com.br\/2022\/08\/torcida-sao-paulo-2022-01-300x197.jpg","resumo":"O S\u00e3o Paulo agora \u00e9 o time com a maior m\u00e9dia, seguido por Flamengo e Corinthians, que fecham o Top3"}}