{"1842491":{"titulo":"BRASILEIR\u00c3O: Corinthians segue buscando rea\u00e7\u00e3o para fugir do Z4","link":"https:\/\/www.futebolinterior.com.br\/brasileirao-corinthians-busca-reacao\/","chapeu":"8\u00aa RODADA","data":"26\/05\/2023","imagem":"https:\/\/images.futebolinterior.com.br\/2023\/05\/brasileirao-corinthians-300x204.jpg","resumo":"A 8\u00aa rodada do Brasileir\u00e3o ter\u00e1 sequ\u00eancia neste domingo (28) com mais cinco duelos; o Corinthians segue tentando esbo\u00e7ar uma rea\u00e7\u00e3o no campeonato"},"1842499":{"titulo":"Athletico-PR x Gr\u00eamio - Duelo direto, mas em momentos opostos no Brasileir\u00e3o","link":"https:\/\/www.futebolinterior.com.br\/athletico-pr-x-gremio-duelo-direto-mas-em-momentos-opostos-no-brasileirao\/","chapeu":"PROMETE","data":"26\/05\/2023","imagem":"https:\/\/images.futebolinterior.com.br\/2023\/05\/Gremio-Pre-Jogo-300x200.jpg","resumo":"O confronto est\u00e1 marcado para \u00e0s 16h, deste s\u00e1bado (27), na Arena da Baixada, em Curitiba"},"1842467":{"titulo":"BRASILEIR\u00c3O: S\u00e3o Paulo tenta se aproximar da parte de cima da tabela","link":"https:\/\/www.futebolinterior.com.br\/sao-paulo-tenta-se-aproximar-g4\/","chapeu":"S\u00c9RIE A","data":"26\/05\/2023","imagem":"https:\/\/images.futebolinterior.com.br\/2023\/05\/sao-paulo-goias-brasileirao-300x205.jpg","resumo":"Cinco duelos v\u00e3o agitar este s\u00e1bado (27) pela 8\u00aa rodada da S\u00e9rie A do Campeonato Brasileiro"},"1842413":{"titulo":"Bahia indefinido para encarar o Internacional","link":"https:\/\/www.futebolinterior.com.br\/bahia-indefinido-encarar-internacional\/","chapeu":"D\u00daVIDA","data":"26\/05\/2023","imagem":"https:\/\/images.futebolinterior.com.br\/2022\/11\/rezende-bahia-300x184.jpg","resumo":"Bahia ganha refor\u00e7os entre os 11 iniciais e equipe fica em aberto por t\u00e9cnico Renato Paiva possuir uma \u00fanica d\u00favida na ala esquerda"},"1842388":{"titulo":"Vitor Roque e Erick n\u00e3o preocupam Athletico-PR e s\u00e3o confirmados para duelo contra Gr\u00eamio","link":"https:\/\/www.futebolinterior.com.br\/vitor-roque-e-erick-nao-preocupam-athletico-pr-e-sao-confirmados-para-duelo-contra-gremio\/","chapeu":"A\u00cd SIM","data":"26\/05\/2023","imagem":"https:\/\/images.futebolinterior.com.br\/2023\/05\/Athletico-treino-BR-300x167.jpg","resumo":"Ambos os jogadores passaram por exames de imagens e les\u00f5es n\u00e3o foram detectadas"},"1842377":{"titulo":"Com desfalques, Gr\u00eamio ter\u00e1 time misto em gramado sint\u00e9tico da Arena da Baixada","link":"https:\/\/www.futebolinterior.com.br\/com-desfalques-gremio-tera-time-misto-em-gramado-sintetico-da-arena-da-baixada\/","chapeu":"VISH","data":"26\/05\/2023","imagem":"https:\/\/images.futebolinterior.com.br\/2023\/05\/Gremio-Treino-300x200.jpg","resumo":"Com isso, Su\u00e1rez, Carballo e Bitello ser\u00e3o poupados e sequer ir\u00e3o viajar para o Paran\u00e1"},"1842370":{"titulo":"Corinthians tem interesse em Yan Couto, do Manchester City","link":"https:\/\/www.futebolinterior.com.br\/corinthians-tem-interesse-yan-cuto\/","chapeu":"DE OLHO","data":"26\/05\/2023","imagem":"https:\/\/images.futebolinterior.com.br\/2023\/05\/yan-couto-300x228.jpg","resumo":"O Corinthians demonstrou interesse na contrata\u00e7\u00e3o do lateral-direito Yan Couto, atualmente atleta do Manchester City"},"1842349":{"titulo":"Atl\u00e9tico-MG enfrenta pend\u00eancia financeira e corre risco de puni\u00e7\u00e3o da CBF","link":"https:\/\/www.futebolinterior.com.br\/atletico-mg-pendencia-financeira-cbf\/","chapeu":"D\u00cdVIDA","data":"26\/05\/2023","imagem":"https:\/\/images.futebolinterior.com.br\/2023\/05\/atletico-mg22-300x216.jpg","resumo":"O Atl\u00e9tico-MG corre o risco de nova a\u00e7\u00e3o na CBF por pend\u00eancias no pagamento das comiss\u00f5es devidas aos agentes do volante Jair"},"1842193":{"titulo":"Rodada do Brasileir\u00e3o com campanha de combate ao racismo","link":"https:\/\/www.futebolinterior.com.br\/rodada-do-brasileirao-com-campanha-de-combate-ao-racismo\/","chapeu":"RACISMO","data":"26\/05\/2023","imagem":"https:\/\/images.futebolinterior.com.br\/2023\/05\/Racismo-CBF-300x160.jpg","resumo":"Uma das a\u00e7\u00f5es vai ter uma manifesta\u00e7\u00e3o dos atletas, que v\u00e3o sentar no gramado por 30 segundos, assim que o \u00e1rbitro autorizar o in\u00edcio da partida."},"1842079":{"titulo":"Weverton n\u00e3o foi vazado em metade dos jogos pelo Palmeiras","link":"https:\/\/www.futebolinterior.com.br\/weverton-nao-foi-vazado-em-metade-dos-jogos-pelo-palmeiras\/","chapeu":"PARED\u00c3O","data":"25\/05\/2023","imagem":"https:\/\/images.futebolinterior.com.br\/2022\/08\/weverton-goleiro-palmeiras-300x171.jpg","resumo":"Com a ajuda dos companheiros, vive uma sequ\u00eancia de tr\u00eas jogos sem ter a rede balan\u00e7ada: Cerro Porte\u00f1o, Santos e Fortaleza"}}