{"1853147":{"titulo":"Bauermann consegue habeas corpus do STF para n\u00e3o depor na CPI da Manipula\u00e7\u00e3o de Resultados","link":"https:\/\/www.futebolinterior.com.br\/bauermann-consegue-habeas-corpus-do-stf-para-nao-depor-na-cpi-da-manipulacao-de-resultados\/","chapeu":"N\u00c3O VAI","data":"13\/06\/2023","imagem":"https:\/\/images.futebolinterior.com.br\/2023\/05\/bauermann-santos-300x200.webp","resumo":""},"1853151":{"titulo":"Marinho pode entrar com a\u00e7\u00e3o judicial contra o Flamengo ap\u00f3s ser afastado","link":"https:\/\/www.futebolinterior.com.br\/marinho-pode-entrar-acao-justica-flamengo\/","chapeu":"EITA","data":"13\/06\/2023","imagem":"https:\/\/images.futebolinterior.com.br\/2023\/06\/flamengo-marinho-300x169.jpg","resumo":""},"1853120":{"titulo":"Joinville revela atraso do Corinthians em pagamento da compra de Barletta","link":"https:\/\/www.futebolinterior.com.br\/joinville-comenta-corinthians-divida\/","chapeu":"D\u00cdVIDA","data":"13\/06\/2023","imagem":"https:\/\/images.futebolinterior.com.br\/2023\/02\/chrystian-barletta-no-corinthians-1-1-1-300x195.png","resumo":"O Joinville tem direito a 10% dos valores negociados entre S\u00e3o Bernardo e Corinthians por Chrystian Barletta"},"1853110":{"titulo":"Fluminense avalia contrata\u00e7\u00e3o do zagueiro Balbuena, dispensado pelo Corinthians","link":"https:\/\/www.futebolinterior.com.br\/fluminense-avalia-contratacao-balbuena\/","chapeu":"NEGOCIANDO","data":"13\/06\/2023","imagem":"https:\/\/images.futebolinterior.com.br\/2023\/06\/fluminense-balbuena-300x203.jpg","resumo":""},"1852855":{"titulo":"Internacional anuncia Enner Valencia, maior artilheiro da sele\u00e7\u00e3o equatoriana","link":"https:\/\/www.futebolinterior.com.br\/internacional-anuncia-a-contratacao-de-enner-valencia-maior-artilheiro-da-selecao-equatoriana\/","chapeu":"FECHADO!","data":"12\/06\/2023","imagem":"https:\/\/images.futebolinterior.com.br\/2023\/06\/valencia-300x220.png","resumo":""},"1852868":{"titulo":"Vojvoda falou sobre Data Fifa ap\u00f3s derrota para o Botafogo: 'Limpar nossa cabe\u00e7a'","link":"https:\/\/www.futebolinterior.com.br\/vojvoda-fortaleza-data-fifa\/","chapeu":"PENSAR","data":"12\/06\/2023","imagem":"https:\/\/images.futebolinterior.com.br\/2022\/10\/Fortaleza-Vojvoda-F-Leonardo-Moreira-Fortaleza-1-300x190.jpg","resumo":"Para a Data Fifa, Juan Pablo Vojvoda deve pensar em como armar o Fortaleza sem o jogador de velocidade pelas beiradas"},"1852835":{"titulo":"Marinho descarta ida para o S\u00e3o Paulo e deve ficar no Flamengo at\u00e9 o fim do contrato","link":"https:\/\/www.futebolinterior.com.br\/marinho-seguira-no-flamengo-contrato\/","chapeu":"FICA?","data":"12\/06\/2023","imagem":"https:\/\/images.futebolinterior.com.br\/2022\/10\/Flamengo2-300x162.jpg","resumo":"Marinho tinha conversas avan\u00e7adas com o S\u00e3o Paulo, mas sua sa\u00edda do Flamengo at\u00e9 ent\u00e3o era um entrave na negocia\u00e7\u00e3o"},"1852770":{"titulo":"Vidal revela que deixar\u00e1 o Flamengo e se oferece ao Colo Colo","link":"https:\/\/www.futebolinterior.com.br\/vidal-revela-que-deixara-o-flamengo\/","chapeu":"DE SA\u00cdDA!","data":"12\/06\/2023","imagem":"https:\/\/images.futebolinterior.com.br\/2022\/10\/vidal-confirmado-flamengo-final-corinthians-300x155.png","resumo":"A passagem de Arturo Vidal pelo Flamengo est\u00e1 pr\u00f3ximo do fim. O volante afirmou que deixar\u00e1 o clube ao final de seu contrato"},"1852700":{"titulo":"Armando Evangelista 'sai do conforto' ao assumir Goi\u00e1s e tra\u00e7a primeiros objetivos","link":"https:\/\/www.futebolinterior.com.br\/armando-evangelista-goias-apresentado\/","chapeu":"NOVO!","data":"12\/06\/2023","imagem":"https:\/\/images.futebolinterior.com.br\/2023\/06\/imagem_2023-06-12_172829008-300x193.png","resumo":"O t\u00e9cnico portugu\u00eas Armando Evangelista far\u00e1 sua estreia no dia 22 de junho, diante do Vasco, no Rio de Janeiro"},"1852625":{"titulo":"Am\u00e9rica-MG negocia empr\u00e9stimo de Daniel Borges, do Botafogo","link":"https:\/\/www.futebolinterior.com.br\/america-mg-negocia-emprestimo-daniel-borges\/","chapeu":"EMPR\u00c9STIMO","data":"12\/06\/2023","imagem":"https:\/\/images.futebolinterior.com.br\/2023\/06\/daniel-borges-america-mg-300x168.jpg","resumo":"O Am\u00e9rica-MG encaminhou a contrata\u00e7\u00e3o do lateral-direito Daniel Borges, do Botafogo; o jogador chega por empr\u00e9stimo at\u00e9 2024"}}