{"1853589":{"titulo":"Atacante do Bahia se envolve em acidente de carro a caminho do CT","link":"https:\/\/www.futebolinterior.com.br\/atacante-bahia-acidente-carro\/","chapeu":"SUSTO","data":"14\/06\/2023","imagem":"https:\/\/images.futebolinterior.com.br\/2023\/06\/everaldo-bahia-300x237.jpg","resumo":"Everaldo, atacante do Bahia, se envolveu em um acidente ao atropelas um cavalo enquanto dirigia ao centro de treinamento do clube"},"1853525":{"titulo":"Seneme aponta erro de Claus por n\u00e3o expulsar Abel Ferreira ap\u00f3s discuss\u00e3o com Calleri","link":"https:\/\/www.futebolinterior.com.br\/seneme-aponta-erro-de-claus-por-nao-expulsar-abel-ferreira-apos-discussao-com-calleri\/","chapeu":"EITA","data":"14\/06\/2023","imagem":"https:\/\/images.futebolinterior.com.br\/2023\/06\/Seneme-CBF-Abel-300x158.jpg","resumo":"Ap\u00f3s o cl\u00e1ssico, que terminou com vit\u00f3ria do Palmeiras por 2 a 0, Abel conversou com mais tranquilidade com Calleri"},"1853445":{"titulo":"Atl\u00e9tico-MG ganha concorrente na busca por t\u00e9cnico portugu\u00eas","link":"https:\/\/www.futebolinterior.com.br\/atletico-mg-ganha-concorrente-na-busca-por-tecnico-portugues\/","chapeu":"E AGORA?","data":"13\/06\/2023","imagem":"https:\/\/images.futebolinterior.com.br\/2023\/06\/Bruno-Lage-GALO-300x169.webp","resumo":""},"1853378":{"titulo":"Gavi\u00f5es da Fiel vai ao CT e cobra dos principais jogadores melhor desempenho do Corinthians","link":"https:\/\/www.futebolinterior.com.br\/gavioes-da-fiel-vai-ao-ct-e-cobra-dos-principais-jogadores-melhor-desempenho-do-corinthians\/","chapeu":"VISH","data":"13\/06\/2023","imagem":"https:\/\/images.futebolinterior.com.br\/2023\/06\/Corinthians-Protesto-300x215.jpg","resumo":"Com duas vit\u00f3rias, tr\u00eas empates e cinco derrotas, o Corinthians soma nove pontos e \u00e9 apenas o 16\u00ba colocado, uma posi\u00e7\u00e3o acima da zona de rebaixamento"},"1853360":{"titulo":"Volante do Coritiba tem les\u00e3o ligamentar no joelho detectada","link":"https:\/\/www.futebolinterior.com.br\/coritiba-informa-lesao-liziero\/","chapeu":"LES\u00c3O","data":"13\/06\/2023","imagem":"https:\/\/images.futebolinterior.com.br\/2023\/06\/imagem_2023-06-13_182504816-300x190.png","resumo":"O Coritiba divulgou em suas redes sociais, mas n\u00e3o deu uma previs\u00e3o de volta para o atleta que ficar\u00e1 emprestado at\u00e9 o final do ano"},"1853334":{"titulo":"Barbieri define derrota para o Internacional: 'Frustra\u00e7\u00e3o muito grande'","link":"https:\/\/www.futebolinterior.com.br\/barbieri-define-derrota-frustracao\/","chapeu":"DERROTA","data":"13\/06\/2023","imagem":"https:\/\/images.futebolinterior.com.br\/2023\/06\/imagem_2023-06-13_173730024-300x169.png","resumo":"O t\u00e9cnico Maur\u00edcio Barbieri segue no comando do Vasco, mas n\u00e3o tem o apoio total da torcida"},"1853321":{"titulo":"Renato Ga\u00facho elogia Gr\u00eamio ap\u00f3s derrota por 3 a 0: 'Aplaudi o meu grupo'","link":"https:\/\/www.futebolinterior.com.br\/renato-gaucho-aplaudiu-gremio\/","chapeu":"APLAUDIU","data":"13\/06\/2023","imagem":"https:\/\/images.futebolinterior.com.br\/2023\/06\/imagem_2023-06-13_172313798-300x167.png","resumo":"O Gr\u00eamio de Renato Ga\u00facho acabou derrotado por 3 a 0 no Maracan\u00e3 em uma tarde inspirada do Flamengo no Brasileir\u00e3o"},"1853312":{"titulo":"Em live, Lula \"corneta\" atual momento do Corinthians \"D\u00e1 at\u00e9 vergonha\"","link":"https:\/\/www.futebolinterior.com.br\/em-live-lula-corneta-atual-momento-do-corinthians-da-ate-vergonha\/","chapeu":"FRUSTRA\u00c7\u00c3O ","data":"13\/06\/2023","imagem":"https:\/\/images.futebolinterior.com.br\/2023\/06\/lula.jpg","resumo":"\"Estou mais triste por causa do Corinthians, que est\u00e1 caindo aos peda\u00e7os. \""},"1853230":{"titulo":"Vitor Roque ser\u00e1 refor\u00e7o do Barcelona na pr\u00f3xima temporada, afirma jornal","link":"https:\/\/www.futebolinterior.com.br\/vitor-roque-acerta-barcelona\/","chapeu":"ACERTOU","data":"13\/06\/2023","imagem":"https:\/\/images.futebolinterior.com.br\/2023\/06\/vitor-roque-athletico-pr-300x178.jpg","resumo":""},"1853171":{"titulo":"Lula lamenta m\u00e1 fase do Corinthians e da sele\u00e7\u00e3o: 'Est\u00e1 caindo aos peda\u00e7os, vergonha'","link":"https:\/\/www.futebolinterior.com.br\/lula-lamenta-ma-fase-do-corinthians-e-da-selecao-esta-caindo-aos-pedacos-vergonha\/","chapeu":"FALA PRESIDENTE ","data":"13\/06\/2023","imagem":"https:\/\/images.futebolinterior.com.br\/2023\/06\/lula.jpg","resumo":"Lula tamb\u00e9m lamentou o momento da sele\u00e7\u00e3o brasileira, que ainda n\u00e3o teve seu t\u00e9cnico definido pela CBF ap\u00f3s a sa\u00edda de Tite"}}