{"1852586":{"titulo":"CBF anuncia desconvoca\u00e7\u00e3o do zagueiro Nino, do Fluminense, com les\u00e3o muscular","link":"https:\/\/www.futebolinterior.com.br\/cbf-anuncia-desconvocacao-do-zagueiro-nino-do-fluminense-com-lesao-muscular\/","chapeu":"PUTZ","data":"12\/06\/2023","imagem":"https:\/\/images.futebolinterior.com.br\/2023\/06\/Nino-Fluminense-300x200.jpg","resumo":"Al\u00e9m dos dois amistosos da sele\u00e7\u00e3o brasileira, \u00e9 poss\u00edvel que Nino perca alguns jogos do Fluminense tamb\u00e9m"},"1852542":{"titulo":"Tite, Gallardo, Bruno Lage: quais s\u00e3o os nomes cotados para assumir o Atl\u00e9tico-MG","link":"https:\/\/www.futebolinterior.com.br\/nomes-cotados-para-assumir-atletico-mg\/","chapeu":"ANALISANDO","data":"12\/06\/2023","imagem":"https:\/\/images.futebolinterior.com.br\/2023\/06\/tite-atletico-300x251.jpg","resumo":""},"1852512":{"titulo":"Diego Tardelli anuncia aposentadoria ap\u00f3s 20 anos de carreira: 'Como \u00e9 dif\u00edcil dizer adeus'","link":"https:\/\/www.futebolinterior.com.br\/diego-tardelli-anuncia-aposentadoria-apos-20-anos-de-carreira-como-e-dificil-dizer-adeus\/","chapeu":"DESPEDIDA","data":"12\/06\/2023","imagem":"https:\/\/images.futebolinterior.com.br\/2023\/06\/TARDELLI-300x173.jpg","resumo":""},"1852519":{"titulo":"Goleiro destaque do Athletico-PR entra na mira do Benfica, de Portugal","link":"https:\/\/www.futebolinterior.com.br\/goleiro-destaque-athletico-benfica\/","chapeu":"SONDADO","data":"12\/06\/2023","imagem":"https:\/\/images.futebolinterior.com.br\/2023\/06\/athletico-pr4-300x206.jpg","resumo":"O goleiro Bento, destaque no Athletico-PR, \u00e9 alvo do Benfica para a pr\u00f3xima temporada europeia"},"1852473":{"titulo":"Acr\u00e9scimos, VAR e amarelos: O que mudou no trabalho do \u00e1rbitros ap\u00f3s novas regras da CBF","link":"https:\/\/www.futebolinterior.com.br\/acrescimos-var-e-amarelos-o-que-mudou-no-trabalho-do-arbitros-apos-novas-regras-da-cbf\/","chapeu":"AN\u00c1LISE","data":"12\/06\/2023","imagem":"https:\/\/images.futebolinterior.com.br\/2023\/06\/var-300x174.jpg","resumo":""},"1852381":{"titulo":"Flamengo, Botafogo e Palmeiras formam a base da Sele\u00e7\u00e3o FI da 10\u00aa rodada do Brasileir\u00e3o","link":"https:\/\/www.futebolinterior.com.br\/flamengo-botafogo-e-palmeiras-formam-a-base-da-selecao-fi-da-10a-rodada-do-brasileirao\/","chapeu":"SE LIGA!","data":"11\/06\/2023","imagem":"https:\/\/images.futebolinterior.com.br\/2023\/06\/52967615389_4137b6781e_c-e1686538957682-300x185.jpg","resumo":"A equipe ainda conta com grandes jogadores, a exemplo de Bruno Rodrigues, do Cruzeiro, e Paulinho, do Atl\u00e9tico-MG"},"1852236":{"titulo":"PLACAR FI: Confira os resultados de DOMINGO com cl\u00e1ssico Choque-Rei","link":"https:\/\/www.futebolinterior.com.br\/placar-fi-domingo-11-06-23\/","chapeu":"PLACAR FI","data":"11\/06\/2023","imagem":"https:\/\/images.futebolinterior.com.br\/2023\/06\/palmeiras-classico-sp-300x163.jpg","resumo":"O PLACAR FI tamb\u00e9m trouxe o campe\u00e3o da Copa do Mundo Sub-20 e muito futebol brasileiro e no interior de S\u00e3o Paulo, confira"},"1852267":{"titulo":"BRASILEIR\u00c3O: Palmeiras vence o S\u00e3o Paulo em Choque-Rei no Morumbi","link":"https:\/\/www.futebolinterior.com.br\/brasileirao-palmeiras-vence-sao-paulo\/","chapeu":"S\u00c9RIE A","data":"11\/06\/2023","imagem":"https:\/\/images.futebolinterior.com.br\/2023\/06\/palmeiras-classico-sp-300x163.jpg","resumo":"Cinco duelos encerraram a 10\u00aa rodada do Brasileir\u00e3o neste domingo (11). O destaque do dia fica para a vit\u00f3ria do Palmeiras sobre o S\u00e3o Paulo no Morumbi"},"1852182":{"titulo":"Abel mostra duas faces ap\u00f3s discuss\u00e3o e concilia\u00e7\u00e3o com Calleri no cl\u00e1ssico: 'Aquilo sou eu'","link":"https:\/\/www.futebolinterior.com.br\/abel-mostra-duas-faces-apos-discussao-e-conciliacao-com-calleri-no-classico-aquilo-sou-eu\/","chapeu":"BRAVINHO","data":"11\/06\/2023","imagem":"https:\/\/images.futebolinterior.com.br\/2023\/06\/ABEL-1-300x169.jpg","resumo":"T\u00e9cnico portugu\u00eas disse ter respeito e admira\u00e7\u00e3o por Calleri "},"1852219":{"titulo":"Dorival poupa Arboleda ap\u00f3s falhas no cl\u00e1ssico: 'Erro no futebol \u00e9 coletivo'","link":"https:\/\/www.futebolinterior.com.br\/dorival-poupa-arboleda-apos-falhas-no-classico-erro-no-futebol-e-coletivo\/","chapeu":"VACILOU","data":"11\/06\/2023","imagem":"https:\/\/images.futebolinterior.com.br\/2023\/06\/arboleda-1-300x169.jpg","resumo":"Apesar disso, Dorival reconheceu que os erros foram determinantes para a derrota do time da casa"}}