{"1512493":{"titulo":"Palmeiras x Atl\u00e9tico-MG - Reservas do Verd\u00e3o v\u00e3o segurar o Galo Doido?","link":"https:\/\/www.futebolinterior.com.br\/palmeiras-x-atletico-mg-reservas-do-verdao-vao-segurar-o-galo-doido\/","chapeu":"JOG\u00c3O","data":"22\/11\/2021","imagem":"https:\/\/images.futebolinterior.com.br\/2021\/11\/Screenshot_29-1-300x182.jpg","resumo":""},"1512458":{"titulo":"PLACAR FI: Guarani perde para Goi\u00e1s e mais... Confira todos os resultados desta segunda-feira","link":"https:\/\/www.futebolinterior.com.br\/placar-fi-guarani-perde-para-goias-e-mais-confira-todos-os-resultados-desta-segunda-feira\/","chapeu":"TUDO AQUI!","data":"22\/11\/2021","imagem":"https:\/\/images.futebolinterior.com.br\/2021\/11\/torino-1-300x200.jpg","resumo":""},"1512429":{"titulo":"V\u00e2ndalos usam explosivo caseiro contra sede de time do Brasileir\u00e3o","link":"https:\/\/www.futebolinterior.com.br\/vandalos-usam-explosivo-caseiro-contra-sede-de-time-do-brasileirao\/","chapeu":"AL\u00d4, POL\u00cdCIA?","data":"22\/11\/2021","imagem":"https:\/\/images.futebolinterior.com.br\/2021\/11\/ceara-2-300x169.jpg","resumo":""},"1512390":{"titulo":"Marinho mostra recupera\u00e7\u00e3o e inicia transi\u00e7\u00e3o para retornar ao Santos","link":"https:\/\/www.futebolinterior.com.br\/marinho-mostra-recuperacao-e-inicia-transicao-para-retornar-ao-santos\/","chapeu":"PRONTO?","data":"22\/11\/2021","imagem":"https:\/\/images.futebolinterior.com.br\/2021\/11\/marinho-santos-300x130.jpg","resumo":"Marinho fez atividade leve no gramado, mas chegou a treinar com bola"},"1512387":{"titulo":"Time do Brasileir\u00e3o tem interesse em tirar Germ\u00e1n Cano do Vasco","link":"https:\/\/www.futebolinterior.com.br\/time-do-brasileirao-tem-interesse-em-tirar-german-cano-do-vasco\/","chapeu":"DE OLHO","data":"22\/11\/2021","imagem":"https:\/\/images.futebolinterior.com.br\/2021\/11\/Cano-Vasco-Ceara-2021-300x168.jpg","resumo":""},"1512371":{"titulo":"Ex-Figueirense, Rodrigo Bassani est\u00e1 perto de assinar com clube do Brasileir\u00e3o","link":"https:\/\/www.futebolinterior.com.br\/ex-figueirense-rodrigo-bassani-esta-perto-de-assinar-com-clube-do-brasileirao\/","chapeu":"BOM NOME?","data":"22\/11\/2021","imagem":"https:\/\/images.futebolinterior.com.br\/2021\/11\/rodrigo-bassani-300x178.jpg","resumo":"Jogador deve ser anunciado s\u00f3 ap\u00f3s o Brasileir\u00e3o"},"1512288":{"titulo":"Gr\u00eamio x Flamengo - Tricolor quer seguir vivo diante do embalado Meng\u00e3o","link":"https:\/\/www.futebolinterior.com.br\/gremio-x-flamengo-tricolor-quer-seguir-vivo-diante-do-embalado-mengao\/","chapeu":"VALE MUITO","data":"22\/11\/2021","imagem":"https:\/\/images.futebolinterior.com.br\/2021\/11\/51684251852_d6dc056caa_o-300x169.jpg","resumo":"Gr\u00eamio busca escapar da zona de rebaixamento"},"1512339":{"titulo":"Atl\u00e9tico-GO x Juventude - Separados por um ponto, rivais fazem confronto direto contra a degola!","link":"https:\/\/www.futebolinterior.com.br\/atletico-go-x-juventude-separados-por-um-ponto-rivais-fazem-confronto-direto-contra-a-degola\/","chapeu":"\u00c9 DECIS\u00c3O!","data":"22\/11\/2021","imagem":"https:\/\/images.futebolinterior.com.br\/2021\/11\/atletico-go-e1637614905912-300x203.jpg","resumo":"Goianos somam 40 pontos e ga\u00fachos acumulam 39"},"1512334":{"titulo":"Com Atl\u00e9tico-GO na seca h\u00e1 seis jogos, ex-Ponte v\u00ea decis\u00e3o contra Juventude: \"S\u00f3 depende da gente\"","link":"https:\/\/www.futebolinterior.com.br\/com-atletico-go-na-seca-ha-seis-jogos-ex-ponte-ve-decisao-contra-juventude-so-depende-da-gente\/","chapeu":"'FINAL'!","data":"22\/11\/2021","imagem":"https:\/\/images.futebolinterior.com.br\/2021\/11\/andre-luis-atletico-go-300x268.jpg","resumo":"Em rela\u00e7\u00e3o ao time, o t\u00e9cnico Marcelo Cabo, ao menos, ter\u00e1 praticamente todos os jogadores \u00e0 disposi\u00e7\u00e3o"},"1512259":{"titulo":"Am\u00e9rica-MG n\u00e3o joga a toalha por vaga na Libertadores","link":"https:\/\/www.futebolinterior.com.br\/america-mg-nao-joga-a-toalha-por-vaga-na-libertadores\/","chapeu":"DISTANTE","data":"22\/11\/2021","imagem":"https:\/\/images.futebolinterior.com.br\/2021\/11\/marquinhos-santos-treinador-america-mg1-1-300x208.jpg","resumo":""}}