{"1512233":{"titulo":"BRASILEIR\u00c3O: Atl\u00e9tico-MG reencontra Palmeiras para ficar mais perto do t\u00edtulo; Fla tenta seguir na cola","link":"https:\/\/www.futebolinterior.com.br\/brasileirao-atletico-mg-reencontra-palmeiras-para-ficar-mais-perto-do-titulo-fla-tenta-seguir-na-cola\/","chapeu":"ATRASADOS","data":"22\/11\/2021","imagem":"https:\/\/images.futebolinterior.com.br\/2021\/11\/PalXAMG-1-300x223.jpg","resumo":""},"1512225":{"titulo":"Cear\u00e1 deve ter refor\u00e7os contra o Corinthians na quinta-feira","link":"https:\/\/www.futebolinterior.com.br\/ceara-deve-ter-reforcos-contra-o-corinthians-na-quinta-feira\/","chapeu":"PREPARA\u00c7\u00c3O","data":"22\/11\/2021","imagem":"https:\/\/images.futebolinterior.com.br\/2021\/11\/ceara-x-timao-felipe-snato-ceara-SC-300x169.jpg","resumo":"Voz\u00e3o vice grande momento na competi\u00e7\u00e3o"},"1512207":{"titulo":"Treinador do Cuiab\u00e1 culpa VAR pelo empate com o Bahia","link":"https:\/\/www.futebolinterior.com.br\/treinador-do-cuiaba-culpa-var-pelo-empate-com-o-bahia\/","chapeu":"T\u00c1 CERTO?","data":"22\/11\/2021","imagem":"https:\/\/images.futebolinterior.com.br\/2021\/11\/gol-anulado-cuiaba-bahia-300x202.jpg","resumo":""},"1512169":{"titulo":"Com les\u00e3o na coxa, Cantillo pode voltar a atuar pelo Corinthians s\u00f3 em 2022","link":"https:\/\/www.futebolinterior.com.br\/com-lesao-na-coxa-cantillo-pode-voltar-a-atuar-pelo-corinthians-so-em-2022\/","chapeu":"VISH","data":"22\/11\/2021","imagem":"https:\/\/images.futebolinterior.com.br\/2021\/11\/FEzx7DZXwAQ6_Aa-300x200.jpg","resumo":""},"1512177":{"titulo":"Para seguir fora da degola, Juventude ter\u00e1 que melhorar seu desempenho fora de casa","link":"https:\/\/www.futebolinterior.com.br\/para-seguir-fora-da-degola-juventude-tentara-que-melhorar-seu-desempenho-fora-de-casa\/","chapeu":"EM BAIXA!","data":"22\/11\/2021","imagem":"https:\/\/images.futebolinterior.com.br\/2021\/11\/juventude-x-galo-bruno-cantini-300x200.jpg","resumo":"Time do t\u00e9cnico Jair Ventura tem a terceira pior campanha como visitante do Brasileir\u00e3o com aproveitamento de 25%"},"1512167":{"titulo":"Para visitar o Santos, Fortaleza tem desfalques e retornos","link":"https:\/\/www.futebolinterior.com.br\/para-visitar-o-santos-fortaleza-tem-desfalques-e-retornos\/","chapeu":"VALE MUITO","data":"22\/11\/2021","imagem":"https:\/\/images.futebolinterior.com.br\/2021\/11\/forxsan-300x165.png","resumo":"Confronto ser\u00e1 na quinta-feira, \u00e1s 19h, na Vila Belmiro "},"1512142":{"titulo":"Felipe Melo e Breno Lopes treinam e s\u00e3o op\u00e7\u00f5es do Palmeiras para final de s\u00e1bado","link":"https:\/\/www.futebolinterior.com.br\/felipe-melo-e-breno-lopes-treinam-e-sao-opcoes-do-palmeiras-para-final-de-sabado\/","chapeu":"BOA NOT\u00cdCIA","data":"22\/11\/2021","imagem":"https:\/\/images.futebolinterior.com.br\/2021\/11\/breno-lopes-300x177.png","resumo":"O Verd\u00e3o decide a Libertadores contra o Flamengo no dia 27, no Uruguai "},"1512136":{"titulo":"Ceni prepara S\u00e3o Paulo para duelos decisivos contra Athletico-PR e Sport","link":"https:\/\/www.futebolinterior.com.br\/ceni-prepara-sao-paulo-para-duelos-decisivos-contra-athletico-pr-e-sport\/","chapeu":"PRA VALER","data":"22\/11\/2021","imagem":"https:\/\/images.futebolinterior.com.br\/2021\/11\/SP_RubensChiri_02_ori-300x186.jpg","resumo":"Com 41 pontos, na 14\u00aa coloca\u00e7\u00e3o, a equipe tricolor enfrenta o Athletico-PR, nesta quarta-feira"},"1512084":{"titulo":"Organizada volta a pedir 'cabe\u00e7a' de Sylvinho mesmo ap\u00f3s vit\u00f3ria do Corinthians em cl\u00e1ssico","link":"https:\/\/www.futebolinterior.com.br\/organizada-volta-a-pedir-cabeca-de-sylvinho-mesmo-apos-vitoria-do-corinthians-em-classico\/","chapeu":"COBRAN\u00c7A!","data":"22\/11\/2021","imagem":"https:\/\/images.futebolinterior.com.br\/2021\/11\/Torcida_BrunoTeixeira_08_ori-300x200.jpg","resumo":"Essa n\u00e3o \u00e9 a primeira vez que a organizada cobra a troca de comando"},"1512061":{"titulo":"Em evento da Sitrefesp, t\u00e9cnico Pintado \u00e9 palestrante no dia de abertura","link":"https:\/\/www.futebolinterior.com.br\/em-evento-da-sitrefesp-tecnico-pintado-e-palestrante-no-dia-de-abertura\/","chapeu":"GRANDE NOME","data":"22\/11\/2021","imagem":"https:\/\/images.futebolinterior.com.br\/2021\/11\/pintado-300x178.png","resumo":"O t\u00e9cnico falou da responsabilidade e da import\u00e2ncia do treinador no futebol de hoje em dia "}}