{"1512922":{"titulo":"Frustrado com o vice da Sul-Americana, dirigente projeta refor\u00e7os para o Red Bull Bragantino","link":"https:\/\/www.futebolinterior.com.br\/frustrado-com-o-vice-da-sul-americana-dirigente-projeta-reforcos-para-o-red-bull-bragantino\/","chapeu":"PLANEJAMENTO","data":"23\/11\/2021","imagem":"https:\/\/images.futebolinterior.com.br\/2021\/11\/elenco-red-bull-bragantino-final-300x207.jpg","resumo":""},"1512886":{"titulo":"BRASILEIR\u00c3O: S\u00e3o Paulo tem confronto direto contra a degola; Flu e Inter jogam pela Libertadores","link":"https:\/\/www.futebolinterior.com.br\/brasileirao-sao-paulo-tem-confronto-direto-contra-a-degola-flu-e-inter-jogam-pela-libertadores\/","chapeu":"6 PONTOS","data":"23\/11\/2021","imagem":"https:\/\/images.futebolinterior.com.br\/2021\/11\/sao-paulo-2-300x193.jpg","resumo":"Dois jogos v\u00e3o agitar a quarta-feira de Brasileir\u00e3o"},"1512869":{"titulo":"Clube da Segundona faz 'jogo duro' e recusa renova\u00e7\u00e3o de empr\u00e9stimo de joia que est\u00e1 na base do Santos","link":"https:\/\/www.futebolinterior.com.br\/clube-da-segundona-faz-jogo-duro-e-recusa-renovacao-de-emprestimo-de-joia-que-esta-na-base-do-santos\/","chapeu":"EITA","data":"23\/11\/2021","imagem":"https:\/\/images.futebolinterior.com.br\/2021\/11\/Screenshot-2021-11-23-at-14-21-27-Flamengo-de-Guarulhos-recusa-oferta-de-novo-emprestimo-do-Santos-por-artilheiro-da-base-300x172.png","resumo":""},"1512826":{"titulo":"Cear\u00e1 renova com zagueiro e mira duelo contra o Corinthians pelo Brasileir\u00e3o","link":"https:\/\/www.futebolinterior.com.br\/ceara-renova-com-zagueiro-e-mira-duelo-contra-o-corinthians-pelo-brasileirao\/","chapeu":"DOIS ANOS!","data":"23\/11\/2021","imagem":"https:\/\/images.futebolinterior.com.br\/2021\/11\/Cea_FelipeSantos_02_ori-300x200.jpg","resumo":"Cear\u00e1 treinou segunda-feira em seu Centro de Treinamentos, visando a partida de quinta-feira no Castel\u00e3o"},"1512811":{"titulo":"De olho na Libertadores, Fortaleza v\u00ea duelo contra o Santos como 'decis\u00e3o'","link":"https:\/\/www.futebolinterior.com.br\/de-olho-na-libertadores-fortaleza-ve-duelo-contra-o-santos-como-decisao\/","chapeu":"FOCADO!","data":"23\/11\/2021","imagem":"https:\/\/images.futebolinterior.com.br\/2021\/11\/For_Leonardo-Moreira_01_ori-300x169.jpg","resumo":"Fortaleza soma 52 pontos, na quinta posi\u00e7\u00e3o, na briga por uma vaga na Libertadores de 2022"},"1512767":{"titulo":"'Par\u00e7a' de Felip\u00e3o pede demiss\u00e3o do Inter ap\u00f3s vazar \u00e1udio que gerou mal-estar no grupo","link":"https:\/\/www.futebolinterior.com.br\/parca-de-felipao-pede-demissao-do-inter-apos-vazar-audio-que-gerou-mal-estar-no-grupo\/","chapeu":"SEM PAIX\u00c3O!","data":"23\/11\/2021","imagem":"https:\/\/images.futebolinterior.com.br\/2021\/11\/paulo-paixao-internacional-300x200.jpg","resumo":"Ele falou da falta de op\u00e7\u00f5es no elenco colorado, chamou Boschilia de \"enganador\" e disse que alguns jogadores deveriam ser negociados"},"1512636":{"titulo":"Jogador de grande clube carioca afirma manter contato com goleiro Bruno: \"Crescemos juntos\"","link":"https:\/\/www.futebolinterior.com.br\/jogador-de-grande-clube-carioca-afirma-manter-contato-com-goleiro-bruno-crescemos-juntos\/","chapeu":"SEM NO\u00c7\u00c3O!","data":"23\/11\/2021","imagem":"https:\/\/images.futebolinterior.com.br\/2021\/11\/goleiro-bruno-300x180.jpg","resumo":"Bruno cumpriu 8 anos em regime fechado e est\u00e1 no semiaberto desde 2019"},"1512627":{"titulo":"Dirigente do Gr\u00eamio critica \u00eddolo Renato Ga\u00facho: \"N\u00e3o \u00e9 perfeito, ele errou\"","link":"https:\/\/www.futebolinterior.com.br\/dirigente-do-gremio-critica-idolo-renato-gaucho-nao-e-perfeito-ele-errou\/","chapeu":"RIXA?","data":"23\/11\/2021","imagem":"https:\/\/images.futebolinterior.com.br\/2021\/11\/Gremio_LucasUebel_13_ori-300x200.jpg","resumo":"Mesmo com a cr\u00edtica, Kro\u00ebff afirmou que o Gr\u00eamio errou ao dispensar Renato Ga\u00facho"},"1512560":{"titulo":"Gr\u00eamio encara os reservas do Flamengo com esperan\u00e7a de escapar do rebaixamento","link":"https:\/\/www.futebolinterior.com.br\/gremio-encara-os-reservas-do-flamengo-com-esperanca-de-escapar-do-rebaixamento\/","chapeu":"BOA CHANCE","data":"23\/11\/2021","imagem":"https:\/\/images.futebolinterior.com.br\/2021\/11\/Gre_LucasUebel_01_ori-300x200.jpg","resumo":"Time carioca vai poupar seus titulares para a decis\u00e3o da Copa Libertadores, s\u00e1bado, diante do Palmeiras"},"1512562":{"titulo":"Com reservas, Palmeiras pega l\u00edder Atl\u00e9tico-MG pensando na final da Libertadores","link":"https:\/\/www.futebolinterior.com.br\/com-reservas-palmeiras-pega-lider-atletico-mg-pensando-na-final-da-libertadores\/","chapeu":"OUTRO TIME","data":"23\/11\/2021","imagem":"https:\/\/images.futebolinterior.com.br\/2021\/11\/Pal_CesarGreco_05_ori-300x280.jpg","resumo":"Partida da 35\u00aa rodada pode ser importante tamb\u00e9m para o Palmeiras no aspecto moral"}}