{"1513850":{"titulo":"Sem Cantillo e Giuliano, Corinthians divulga relacionados para enfrentar Cear\u00e1","link":"https:\/\/www.futebolinterior.com.br\/sem-cantillo-e-giuliano-corinthians-divulga-relacionados-para-enfrentar-ceara\/","chapeu":"SE LIGA!","data":"24\/11\/2021","imagem":"https:\/\/images.futebolinterior.com.br\/2021\/11\/corinthians-1-300x211.jpg","resumo":""},"1513824":{"titulo":"Apesar da 'chiadeira' da torcida do Corinthians, Cear\u00e1 anuncia 20 mil ingressos vendidos","link":"https:\/\/www.futebolinterior.com.br\/apesar-da-chiadeira-da-torcida-do-corinthians-ceara-anuncia-20-mil-ingressos-vendidos\/","chapeu":"VAI LOTAR","data":"24\/11\/2021","imagem":"https:\/\/images.futebolinterior.com.br\/2021\/11\/maxresdefault-1-300x169.jpg","resumo":""},"1513807":{"titulo":"Santos acerta com Wolfsburg pend\u00eancia por Bruno Henrique e evita nova puni\u00e7\u00e3o da FIFA","link":"https:\/\/www.futebolinterior.com.br\/santos-acerta-com-wolfsburg-pendencia-por-bruno-henrique-e-evita-nova-punicao-da-fifa\/","chapeu":"UFA!","data":"24\/11\/2021","imagem":"https:\/\/images.futebolinterior.com.br\/2021\/11\/bruno-henrique-1-300x200.jpeg","resumo":""},"1513802":{"titulo":"Embalado e com retornos no time titular, Cear\u00e1 encerra prepara\u00e7\u00e3o para encarar o Corinthians","link":"https:\/\/www.futebolinterior.com.br\/embalado-e-com-retornos-no-time-titular-ceara-encerra-preparacao-para-encarar-o-corinthians\/","chapeu":"FOCO TOTAL","data":"24\/11\/2021","imagem":"https:\/\/images.futebolinterior.com.br\/2021\/11\/FE_cbixX0AErezU-240x300.jpg","resumo":""},"1513789":{"titulo":"Sem espa\u00e7o em finalista da Copa do Brasil, volante est\u00e1 na mira do Fortaleza para 2022","link":"https:\/\/www.futebolinterior.com.br\/sem-espaco-em-finalista-da-copa-do-brasil-volante-esta-na-mira-do-fortaleza-para-2022\/","chapeu":"MERCADO","data":"24\/11\/2021","imagem":"https:\/\/images.futebolinterior.com.br\/2021\/11\/alan-franco-volante-do-atletico-mg-1596138984056_v2_4x3-300x225.jpg","resumo":""},"1513745":{"titulo":"Fortaleza enfrenta o Santos querendo retornar ao G4 do Brasileir\u00e3o","link":"https:\/\/www.futebolinterior.com.br\/fortaleza-enfrenta-o-santos-querendo-retornar-ao-g4-do-brasileirao\/","chapeu":"DIF\u00cdCIL","data":"24\/11\/2021","imagem":"https:\/\/images.futebolinterior.com.br\/2021\/11\/fortaleza0117-300x169.jpg","resumo":""},"1513707":{"titulo":"Treinador do Atl\u00e9tico-GO diz que entende vaias da torcida, mas v\u00ea evolu\u00e7\u00e3o do time","link":"https:\/\/www.futebolinterior.com.br\/treinador-do-atletico-go-diz-que-entende-vaias-da-torcida-mas-ve-evolucao-do-time\/","chapeu":"FAZ PARTE","data":"24\/11\/2021","imagem":"https:\/\/images.futebolinterior.com.br\/2021\/11\/marcelo-cabo-treinador-atletico-go-1-300x183.jpg","resumo":""},"1513674":{"titulo":"BRASILEIR\u00c3O: Corinthians defende posto no G4 e Santos que se recuperar do cl\u00e1ssico","link":"https:\/\/www.futebolinterior.com.br\/brasileirao-corinthians-defende-posto-no-g4-e-santos-que-se-recuperar-do-classico\/","chapeu":"DOIS JOGOS","data":"24\/11\/2021","imagem":"https:\/\/images.futebolinterior.com.br\/2021\/11\/Screenshot_45-300x179.jpg","resumo":""},"1513633":{"titulo":"Julgamento do Gr\u00eamio por invas\u00e3o da torcida \u00e9 marcado pelo STJD","link":"https:\/\/www.futebolinterior.com.br\/julgamento-do-gremio-por-invasao-da-torcida-e-marcado-pelo-stjd\/","chapeu":"XIII","data":"24\/11\/2021","imagem":"https:\/\/images.futebolinterior.com.br\/2021\/11\/gremio-palmeiras-brasileirao-300x200.jpg","resumo":""},"1513583":{"titulo":"\u00c1rbitro musculoso garante que venceria Hulk 'na m\u00e3o', mas 'ia perder feio' no bumbum","link":"https:\/\/www.futebolinterior.com.br\/arbitro-musculoso-garante-que-venceria-hulk-na-mao-mas-ia-perder-feio-no-bumbum\/","chapeu":"TIT\u00c3S!","data":"24\/11\/2021","imagem":"https:\/\/images.futebolinterior.com.br\/2021\/11\/daronco-300x178.jpg","resumo":"Daronco e Hulk j\u00e1 se encontraram pelo Brasileir\u00e3o"}}