{"1513983":{"titulo":"Miranda n\u00e3o gosta do empate do S\u00e3o Paulo e prev\u00ea 'decis\u00e3o' contra o Sport","link":"https:\/\/www.futebolinterior.com.br\/miranda-lamenta-nao-gosta-do-empate-do-sao-paulo-e-preve-decisao-contra-o-sport\/","chapeu":"NADA BOM","data":"25\/11\/2021","imagem":"https:\/\/images.futebolinterior.com.br\/2021\/11\/saopaulo-miranda-rubenschiri-2021-e1637814309104-300x196.jpg","resumo":"A expectativa dos s\u00e3o-paulinos era pegar um advers\u00e1rio cansado e desmotivado, mas n\u00e3o deu certo."},"1513979":{"titulo":"LOTERIAS: Mega Sena acumula e deve pagar R$ 7 milh\u00f5es no pr\u00f3ximo concurso","link":"https:\/\/www.futebolinterior.com.br\/loterias-mega-sena-acumula-e-deve-pagar-r-7-milhoes-no-proximo-concurso\/","chapeu":"MEGA SENA","data":"25\/11\/2021","imagem":"https:\/\/images.futebolinterior.com.br\/2022\/03\/sorteio-1-e1647744116630-300x201.jpg","resumo":"N\u00e3o houve vencedores nas apostas do concurso desta quarta-feira e pr\u00eamio vai acumular para R$ 7 milh\u00f5es"},"1513956":{"titulo":"'Craque do Jogo' dedica trof\u00e9u \u00e0 torcida do Fluminense que incendiou o Maracan\u00e3","link":"https:\/\/www.futebolinterior.com.br\/craque-do-jogo-dedica-trofeu-a-torcida-do-fluminense-que-incendiou-o-maracana\/","chapeu":"QUE FESTA !","data":"25\/11\/2021","imagem":"https:\/\/images.futebolinterior.com.br\/2021\/11\/flu_Yago_LucasMercon_flu-2021-e1637809602187-300x175.jpg","resumo":"Esta foi a quinta vit\u00f3ria consecutiva do Tricolor dentro do Maracan\u00e3 e deixou o time em s\u00e9timo lugar"},"1513961":{"titulo":"BRASILEIR\u00c3O: Flu leva confronto direto contra o Inter; S\u00e3o Paulo empata e se complica","link":"https:\/\/www.futebolinterior.com.br\/brasileirao-flu-leva-confronto-direto-contra-o-inter-sao-paulo-empata-e-se-complica\/","chapeu":"ELETRIZANTE!","data":"25\/11\/2021","imagem":"https:\/\/images.futebolinterior.com.br\/2021\/11\/sp-2-300x193.jpg","resumo":""},"1513960":{"titulo":"Eden\u00edlson reconhece m\u00e1 fase do Internacional e pede humildade por vaga na Libertadores","link":"https:\/\/www.futebolinterior.com.br\/edenilson-reconhece-ma-fase-do-internacional-e-pede-humildade-por-vaga-na-libertadores\/","chapeu":"CALMA","data":"25\/11\/2021","imagem":"https:\/\/images.futebolinterior.com.br\/2021\/11\/Edenilson-Internacional-2021-300x200.jpg","resumo":""},"1513922":{"titulo":"Fluminense 1 x 0 Internacional - Fred faz gol rel\u00e2mpago, Tricolor vence e se aproxima do G-6","link":"https:\/\/www.futebolinterior.com.br\/fluminense-1-x-0-internacional-fred-faz-gol-relampago-tricolor-vence-e-se-aproxima-do-g-6\/","chapeu":"TE PEGOU!","data":"24\/11\/2021","imagem":"https:\/\/images.futebolinterior.com.br\/2021\/11\/51702995271_01531449cd_c-300x200.jpg","resumo":""},"1513933":{"titulo":"S\u00e3o Paulo 0 x 0 Athletico-PR - Tricolor \u00e9 melhor, mas empata e segue amea\u00e7ado","link":"https:\/\/www.futebolinterior.com.br\/sao-paulo-0-x-0-athletico-pr-tricolor-e-melhor-mas-empata-e-segue-ameacado\/","chapeu":"VALEU","data":"24\/11\/2021","imagem":"https:\/\/images.futebolinterior.com.br\/2021\/11\/SP-Athletico-PR-Brasileirao-2021-300x167.jpg","resumo":""},"1513923":{"titulo":"Santos x Fortaleza - Cada um lutando por seu objetivo","link":"https:\/\/www.futebolinterior.com.br\/santos-x-fortaleza-cada-um-lutando-por-seu-objetivo\/","chapeu":"OPOSTOS","data":"24\/11\/2021","imagem":"https:\/\/images.futebolinterior.com.br\/2021\/11\/treino-santos-jogadores-300x206.jpg","resumo":""},"1513882":{"titulo":"Cear\u00e1 x Corinthians - Ap\u00f3s vencer cl\u00e1ssico, Corinthians quer se manter no G4; Voz\u00e3o sonha com G6","link":"https:\/\/www.futebolinterior.com.br\/ceara-x-corinthians-apos-vencer-classico-corinthians-quer-se-manter-no-g4-vozao-sonha-com-g6\/","chapeu":"PROMETE","data":"24\/11\/2021","imagem":"https:\/\/images.futebolinterior.com.br\/2021\/11\/1_ceara_corinthians-16842558-300x168.jpg","resumo":""},"1513875":{"titulo":"Fortaleza quer manter zagueiro do Botafogo e volante do Corinthians","link":"https:\/\/www.futebolinterior.com.br\/fortaleza-quer-manter-zagueiro-do-botafogo-e-volante-do-corinthians\/","chapeu":"PLANEJAMENTO","data":"24\/11\/2021","imagem":"https:\/\/images.futebolinterior.com.br\/2021\/11\/fortaleza0118-300x194.jpg","resumo":""}}