{"1513434":{"titulo":"Renato Ga\u00facho garante que n\u00e3o facilitou empate para o Gr\u00eamio: 'Sou profissional'","link":"https:\/\/www.futebolinterior.com.br\/renato-gaucho-garante-que-nao-facilitou-empate-para-o-gremio-sou-profissional\/","chapeu":"NADA DISSO","data":"24\/11\/2021","imagem":"https:\/\/images.futebolinterior.com.br\/2021\/11\/Gremio_LucasUebel_13_ori-300x200.jpg","resumo":"Treinador negou que time tenha tirado o p\u00e9"},"1513391":{"titulo":"Arana posta foto com marca na perna cobrando p\u00eanalti ao Atl\u00e9tico-MG e \u00e9 ironizado","link":"https:\/\/www.futebolinterior.com.br\/arana-posta-foto-com-marca-na-perna-cobrando-penalti-ao-atletico-mg-e-e-ironizado\/","chapeu":"RECLAMOU","data":"24\/11\/2021","imagem":"https:\/\/images.futebolinterior.com.br\/2021\/11\/FE7hLbXX0AMUkUD-171x300.jpg","resumo":"Lance aconteceu aos 22 minutos do primeiro tempo"},"1513262":{"titulo":"Auxiliar t\u00e9cnico do Palmeiras minimiza irrita\u00e7\u00e3o e discuss\u00e3o com Jorge","link":"https:\/\/www.futebolinterior.com.br\/auxiliar-tecnico-do-palmeiras-minimiza-irritacao-e-discussao-com-jorge\/","chapeu":"J\u00c1 PASSOU","data":"24\/11\/2021","imagem":"https:\/\/images.futebolinterior.com.br\/2021\/11\/Screenshot_39-1-300x176.jpg","resumo":""},"1513258":{"titulo":"Ap\u00f3s empate, Marcos Rocha lamenta desfalque na final da Libertadores","link":"https:\/\/www.futebolinterior.com.br\/apos-empate-marcos-rocha-lamenta-desfalque-na-final-da-libertadores\/","chapeu":"FORA","data":"24\/11\/2021","imagem":"https:\/\/images.futebolinterior.com.br\/2021\/11\/Screenshot_38-1-300x191.jpg","resumo":""},"1513251":{"titulo":"Hulk exalta empate contra o Palmeiras e crava: \"Luta do Atl\u00e9tico \u00e9 contra o Flamengo\"","link":"https:\/\/www.futebolinterior.com.br\/hulk-exalta-empate-contra-o-palmeiras-e-crava-luta-do-atletico-e-contra-o-flamengo\/","chapeu":"BOM?","data":"23\/11\/2021","imagem":"https:\/\/images.futebolinterior.com.br\/2021\/11\/51701682879_52061a37f6_c-1-300x200.jpg","resumo":""},"1513240":{"titulo":"Pedro comemora retorno ap\u00f3s les\u00e3o, mas lamenta empate do Flamengo com um jogador a mais","link":"https:\/\/www.futebolinterior.com.br\/pedro-comemora-retorno-apos-lesao-mas-lamenta-empate-do-flamengo-com-um-jogador-a-mais\/","chapeu":"RETORNO","data":"23\/11\/2021","imagem":"https:\/\/images.futebolinterior.com.br\/2021\/11\/Pedro-Flamengo-Gremio-2021-300x200.jpg","resumo":""},"1513203":{"titulo":"Palmeiras 2 x 2 Atl\u00e9tico-MG - Verd\u00e3o joga bem e segura o Galo em casa","link":"https:\/\/www.futebolinterior.com.br\/palmeiras-2-x-2-atletico-mg-verdao-joga-bem-e-segura-o-galo-em-casa\/","chapeu":"VALEU","data":"23\/11\/2021","imagem":"https:\/\/images.futebolinterior.com.br\/2021\/11\/51700978216_2642f06f2b_c-300x169.jpg","resumo":""},"1513232":{"titulo":"Geromel reconhece circunst\u00e2ncias ruins, mas elogia rea\u00e7\u00e3o e promete luta do Gr\u00eamio at\u00e9 o final","link":"https:\/\/www.futebolinterior.com.br\/geromel-reconhece-circunstancias-ruins-mas-elogia-reacao-e-promete-luta-do-gremio-ate-o-final\/","chapeu":"PRA CIMA","data":"23\/11\/2021","imagem":"https:\/\/images.futebolinterior.com.br\/2021\/11\/Geromel-Gremio-Flamengo-2021-300x200.jpg","resumo":""},"1513227":{"titulo":"BRASILEIR\u00c3O: Atl\u00e9tico-MG empata com reservas do Palmeiras, mas segue com oito pontos na frente do Flamengo","link":"https:\/\/www.futebolinterior.com.br\/brasileirao-atletico-mg-empata-com-reservas-do-palmeiras-mas-segue-com-oito-pontos-na-frente-do-flamengo\/","chapeu":"SEGUROU!","data":"23\/11\/2021","imagem":"https:\/\/images.futebolinterior.com.br\/2021\/11\/GAM-1-300x200.jpeg","resumo":""},"1513211":{"titulo":"Gr\u00eamio 2 x 2 Flamengo - Empate complica objetivos da dupla no Brasileir\u00e3o","link":"https:\/\/www.futebolinterior.com.br\/gremio-2-x-2-flamengo-empate-complica-objetivos-da-dupla-no-brasileirao\/","chapeu":"IGUAIS","data":"23\/11\/2021","imagem":"https:\/\/images.futebolinterior.com.br\/2021\/11\/Gremio-Flamengo-Brasileirao-2021-300x200.jpg","resumo":""}}