{"1042424":{"titulo":"Flamengo 2 x 3 RB Bragantino - Em noite de gola\u00e7os, Massa Bruta derruba Flamengo no final","link":"https:\/\/www.futebolinterior.com.br\/flamengo-2-x-3-rb-bragantino-em-noite-de-golacos-massa-bruta-derruba-flamengo-no-final\/","chapeu":"NO FINAL","data":"19\/06\/2021","imagem":"https:\/\/images.futebolinterior.com.br\/2021\/06\/E4Sje0FWEAozj7z-300x215.jpg","resumo":""},"1042380":{"titulo":"Internacional x Cear\u00e1 - Novo t\u00e9cnico e nova vida para o Colorado?","link":"https:\/\/www.futebolinterior.com.br\/internacional-x-ceara-novo-tecnico-e-nova-vida-para-o-colorado\/","chapeu":"BRIGA BOA!","data":"19\/06\/2021","imagem":"https:\/\/images.futebolinterior.com.br\/2021\/06\/inter-300x200.jpg","resumo":""},"1042237":{"titulo":"PLACAR FI: Com vit\u00f3ria do Guarani no D\u00e9rbi 200, veja os RESULTADOS do S\u00c1BADO!","link":"https:\/\/www.futebolinterior.com.br\/placar-fi-com-vitoria-do-guarani-no-derbi-200-veja-os-resultados-do-sabado\/","chapeu":"GIRO DO DIA","data":"19\/06\/2021","imagem":"https:\/\/images.futebolinterior.com.br\/2021\/06\/Derbi-200-300x170.png","resumo":"O PLACAR FI, que acompanhou tudo de perto, em conjunto com o Portal Futebol Interior, tr\u00e1s para voc\u00ea todos os resultados dia"},"1042319":{"titulo":"Athletico-PR x Atl\u00e9tico-GO - A briga \u00e9 pela parte de cima do Brasileir\u00e3o","link":"https:\/\/www.futebolinterior.com.br\/athletico-pr-x-atletico-go-a-briga-e-pela-parte-de-cima-do-brasileirao\/","chapeu":"QUEM LEVA?","data":"19\/06\/2021","imagem":"https:\/\/images.futebolinterior.com.br\/2021\/06\/att-300x200.jpg","resumo":""},"1042212":{"titulo":"Internacional confirma nome de substituto de Miguel \u00c1ngel Ram\u00edrez","link":"https:\/\/www.futebolinterior.com.br\/internacional-confirma-nome-de-substituto-de-miguel-angel-ramirez\/","chapeu":"OFICIAL","data":"19\/06\/2021","imagem":"https:\/\/images.futebolinterior.com.br\/2021\/06\/1_9and05dbw1sf22pgawkm7ocky-6084797-300x167.jpg","resumo":""},"1042033":{"titulo":"Ex-Corinthians, Vagner Mancini \u00e9 anunciado por rival do Brasileir\u00e3o","link":"https:\/\/www.futebolinterior.com.br\/ex-corinthians-vagner-mancini-e-anunciado-por-rival-do-brasileirao\/","chapeu":"DEFINIDO","data":"19\/06\/2021","imagem":"https:\/\/images.futebolinterior.com.br\/2021\/06\/160261237142d6c7d61481d1c21bd1635f59edae05-300x199.jpg","resumo":""},"1042012":{"titulo":"Corinthians n\u00e3o ter\u00e1 Luan e Gustavo Silva contra o Bahia; Varanda \u00e9 relacionado","link":"https:\/\/www.futebolinterior.com.br\/corinthians-nao-tera-luan-e-gustavo-silva-contra-o-bahia-varanda-e-relacionado\/","chapeu":"VISH","data":"19\/06\/2021","imagem":"https:\/\/images.futebolinterior.com.br\/2021\/06\/E4MZAfVXwAE1bUM-300x206.jpg","resumo":"Diante do Bahia, Sylvinho ter\u00e1 o experiente J\u00f4 e os meninos Adson, Cau\u00ea, Varanda e Vitinho para montar o setor ofensivo"},"1041794":{"titulo":"Juventude x Sport - Pressionado, Ju busca a primeira vit\u00f3ria no Brasileir\u00e3o","link":"https:\/\/www.futebolinterior.com.br\/juventude-x-sport-pressionado-ju-busca-a-primeira-vitoria-no-brasileirao\/","chapeu":"PRESSIONADO","data":"19\/06\/2021","imagem":"https:\/\/images.futebolinterior.com.br\/2021\/06\/juventude01-300x214.jpg","resumo":"Juventude recebe o Sport em busca da primeira vit\u00f3ria no Brasileir\u00e3o"},"1042017":{"titulo":"Santos x S\u00e3o Paulo fazem cl\u00e1ssico em busca de recupera\u00e7\u00e3o no Brasileir\u00e3o 2021","link":"https:\/\/www.futebolinterior.com.br\/santos-x-sao-paulo-fazem-classico-em-busca-de-recuperacao-no-brasileirao-2021\/","chapeu":"AN\u00c1LISE","data":"19\/06\/2021","imagem":"https:\/\/images.futebolinterior.com.br\/2021\/06\/51251915246_811e893bd7_c-300x203.jpg","resumo":""},"1041863":{"titulo":"Zagueiro vai completar 100 jogos com a camisa do Massa Bruta no Maracan\u00e3","link":"https:\/\/www.futebolinterior.com.br\/zagueiro-vai-completar-100-jogos-com-a-camisa-do-massa-bruta-no-maracana\/","chapeu":"CENTEN\u00c1RIO","data":"19\/06\/2021","imagem":"https:\/\/images.futebolinterior.com.br\/2021\/06\/unnamed-300x212.jpg","resumo":"Jogo contra o Flamengo ser\u00e1 especial para L\u00e9o Ortiz no RB Bragantino"}}