{"1042731":{"titulo":"Corinthians multa J\u00f4 por usar chuteiras verdes em jogo do Brasileir\u00e3o","link":"https:\/\/www.futebolinterior.com.br\/corinthians-multa-jo-por-usar-chuteiras-verdes-em-jogo-do-brasileirao\/","chapeu":"CADA UMA","data":"20\/06\/2021","imagem":"https:\/\/images.futebolinterior.com.br\/2021\/06\/Screenshot-2021-06-20-at-20-46-02-Verde-Corinthians-multa-Jo-por-cor-das-chuteiras-300x194.png","resumo":""},"1042730":{"titulo":"Santos 2 x 0 S\u00e3o Paulo - Peixe volta a vencer e deixa Tricolor na zona de rebaixamento","link":"https:\/\/www.futebolinterior.com.br\/santos-2-x-0-sao-paulo-peixe-volta-a-vencer-e-deixa-tricolor-na-zona-de-rebaixamento\/","chapeu":"FORAM BEM","data":"20\/06\/2021","imagem":"https:\/\/images.futebolinterior.com.br\/2021\/06\/E4XGwkwWYAMX-bp-300x200.jpg","resumo":""},"1042658":{"titulo":"Envergonhado com novo trope\u00e7o do Inter, Daniel desabafa: \"Temos que trabalhar\"","link":"https:\/\/www.futebolinterior.com.br\/envergonhado-com-novo-tropeco-do-inter-daniel-desabafa-temos-que-trabalhar\/","chapeu":"DESABAFOU!","data":"20\/06\/2021","imagem":"https:\/\/images.futebolinterior.com.br\/2021\/06\/51260725399_f3f84f0286_c-300x200.jpg","resumo":""},"1042622":{"titulo":"Internacional 1 x 1 Cear\u00e1 - Empate em jogo pol\u00eamico e press\u00e3o para todo lado","link":"https:\/\/www.futebolinterior.com.br\/internacional-1-x-1-ceara-empate-em-jogo-polemico-e-pressao-para-todo-lado\/","chapeu":"NADA BOM!","data":"20\/06\/2021","imagem":"https:\/\/images.futebolinterior.com.br\/2021\/06\/51260033931_953146e6d1_c-300x200.jpg","resumo":""},"1042633":{"titulo":"Bahia 0 x 0 Corinthians - Poucas chances e nada de gols","link":"https:\/\/www.futebolinterior.com.br\/bahia-0-x-0-corinthians-poucas-chances-e-nada-de-gols\/","chapeu":"TUDO IGUAL","data":"20\/06\/2021","imagem":"https:\/\/images.futebolinterior.com.br\/2021\/06\/20210620170125_611-300x188.jpeg","resumo":""},"1042590":{"titulo":"Triste com cr\u00edticas, Abel Ferreira cobra apoio por um Palmeiras 'mais temido'","link":"https:\/\/www.futebolinterior.com.br\/triste-com-criticas-abel-ferreira-cobra-apoio-por-um-palmeiras-mais-temido\/","chapeu":"JUNTOS","data":"20\/06\/2021","imagem":"https:\/\/images.futebolinterior.com.br\/2021\/06\/E4V3yf_XwAQNjCt-300x168.png","resumo":"O treinador disse que far\u00e1 o mesmo que est\u00e3o fazendo com ele a partir de agora"},"1042542":{"titulo":"Scarpa valoriza vit\u00f3ria palmeirense 'na vontade' ap\u00f3s dura bronca no intervalo","link":"https:\/\/www.futebolinterior.com.br\/scarpa-valoriza-vitoria-palmeirense-na-vontade-apos-dura-bronca-no-intervalo\/","chapeu":"FORAM BEM","data":"20\/06\/2021","imagem":"https:\/\/images.futebolinterior.com.br\/2021\/06\/8dx2EiXC-300x169.jpg","resumo":"O meia que tamb\u00e9m vem quebrando o galho como segundo volante valorizou bastante o resultado conquistado em casa"},"1042534":{"titulo":"Palmeiras 2 x 1 Am\u00e9rica-MG - William faz no \u00faltimo minuto e Verd\u00e3o entra no G4","link":"https:\/\/www.futebolinterior.com.br\/palmeiras-2-x-1-america-mg-william-faz-no-ultimo-minuto-e-verdao-entra-no-g4\/","chapeu":"VIRADA","data":"20\/06\/2021","imagem":"https:\/\/images.futebolinterior.com.br\/2021\/06\/51260640765_9da13c9ce5_c-300x169.jpg","resumo":"Am\u00e9rica-MG saiu na frente do placar, mas n\u00e3o conseguiu segurar o resultado e perdeu mais uma vez"},"1042509":{"titulo":"Atl\u00e9tico-MG x Chapecoense \u2013 Galo joga por G4 e quarta vit\u00f3ria seguida no Brasileir\u00e3o","link":"https:\/\/www.futebolinterior.com.br\/atletico-mg-x-chapecoense-galo-joga-por-g4-e-quarta-vitoria-seguida-no-brasileirao\/","chapeu":"CONFIAN\u00c7A","data":"20\/06\/2021","imagem":"https:\/\/images.futebolinterior.com.br\/2021\/06\/Galo-1-300x200.jpg","resumo":"Time mineiro trope\u00e7ou na estreia, mas depois embalou no Campeonato Brasileiro"},"1042438":{"titulo":"Ap\u00f3s gola\u00e7o de bicicleta, Rodrigo Muniz mostra tristeza pela derrota do Flamengo","link":"https:\/\/www.futebolinterior.com.br\/apos-golaco-de-bicicleta-rodrigo-muniz-mostra-tristeza-pela-derrota-do-flamengo\/","chapeu":"TRISTE","data":"19\/06\/2021","imagem":"https:\/\/images.futebolinterior.com.br\/2021\/06\/51258358133_4e53d23d5b_c-300x200.jpg","resumo":""}}