{"1041829":{"titulo":"Bahia x Corinthians \u2013 Favorito, Bahia encara o fr\u00e1gil Corinthians","link":"https:\/\/www.futebolinterior.com.br\/bahia-x-corinthians-favorito-bahia-encara-o-fragil-corinthians\/","chapeu":"PITUA\u00c7U","data":"19\/06\/2021","imagem":"https:\/\/images.futebolinterior.com.br\/2021\/06\/51249483784_1d10ca3e43_c-1-300x200.jpg","resumo":"Embalado pela vit\u00f3ria diante do Cear\u00e1, o Bahia, com ares e favorito, recebe o Corinthians neste domingo, \u00e0s 16h"},"1041995":{"titulo":"Internacional anuncia renova\u00e7\u00e3o de contrato com meia desejado pelo Flamengo","link":"https:\/\/www.futebolinterior.com.br\/internacional-anuncia-renovacao-de-contrato-com-meia-desejado-pelo-flamengo\/","chapeu":"ELE FICA","data":"19\/06\/2021","imagem":"https:\/\/images.futebolinterior.com.br\/2021\/06\/Patrick-300x170.jpg","resumo":"Meia \u00e9 um dos destaques do Colorado e renovou seu contrato at\u00e9 junho de 2023"},"1041780":{"titulo":"Palmeiras x Am\u00e9rica-MG \u2013 Verd\u00e3o recebe o Coelho para embalar","link":"https:\/\/www.futebolinterior.com.br\/palmeiras-x-america-mg-verdao-recebe-o-coelho-para-embalar\/","chapeu":"EM SAMPA","data":"19\/06\/2021","imagem":"https:\/\/images.futebolinterior.com.br\/2021\/06\/y708VTcs-E4LhO9lWYAAsMeD-300x169.jpg","resumo":"Palmeiras encara o Am\u00e9rica, que ainda n\u00e3o venceu e nem fez gol no campeonato"},"1041951":{"titulo":"Agroneg\u00f3cio coloca tratores e fertilizantes na S\u00e9rie A do Campeonato Brasileiro","link":"https:\/\/www.futebolinterior.com.br\/agronegocio-coloca-tratores-e-fertilizantes-na-serie-a-do-campeonato-brasileiro\/","chapeu":"DIN-DIN","data":"19\/06\/2021","imagem":"https:\/\/images.futebolinterior.com.br\/2021\/06\/Juventude-300x200.jpg","resumo":"Cuiab\u00e1 e Juventude apostaram em empresas do agroneg\u00f3cio no Brasileir\u00e3o"},"1041970":{"titulo":"Santos x S\u00e3o Paulo \u2013 San-S\u00e3o com times pressionados na Vila Belmiro","link":"https:\/\/www.futebolinterior.com.br\/santos-x-sao-paulo-san-sao-com-times-pressionados-na-vila-belmiro\/","chapeu":"CL\u00c1SSICO","data":"19\/06\/2021","imagem":"https:\/\/images.futebolinterior.com.br\/2021\/06\/San-Sao-300x204.jpg","resumo":"O Santos n\u00e3o vence h\u00e1 duas rodadas, enquanto o S\u00e3o Paulo n\u00e3o venceu no Brasileir\u00e3o"},"1041823":{"titulo":"Sem Nik\u00e3o, Athletico quer seguir 100% contra Atl\u00e9tico-GO","link":"https:\/\/www.futebolinterior.com.br\/sem-nikao-athletico-quer-seguir-100-contra-atletico-go\/","chapeu":"DE SA\u00cdDA?","data":"18\/06\/2021","imagem":"https:\/\/images.futebolinterior.com.br\/2021\/06\/nn-1-300x167.jpg","resumo":""},"1041805":{"titulo":"Luiz Felipe v\u00ea Santos em evolu\u00e7\u00e3o com Diniz e quer marcar de novo no cl\u00e1ssico","link":"https:\/\/www.futebolinterior.com.br\/luiz-felipe-ve-santos-em-evolucao-com-diniz-e-quer-marcar-de-novo-no-classico\/","chapeu":"FOCO TOTAL","data":"18\/06\/2021","imagem":"https:\/\/images.futebolinterior.com.br\/2021\/06\/E4MX93TX0AACzs4-300x200.jpg","resumo":"O Peixe n\u00e3o ter\u00e1 Alison, suspenso, e deve escalar o rec\u00e9m contratado Camacho na vaga"},"1041792":{"titulo":"Afastado da CBF, Rog\u00e9rio Caboclo ataca Del Nero e diz receber apoio de federa\u00e7\u00f5es","link":"https:\/\/www.futebolinterior.com.br\/afastado-da-cbf-rogerio-caboclo-ataca-del-nero-e-diz-receber-apoio-de-federacoes\/","chapeu":"DISPAROU!","data":"18\/06\/2021","imagem":"https:\/\/images.futebolinterior.com.br\/2021\/06\/Rogerio-Caboclo-300x200.jpg","resumo":""},"1041788":{"titulo":"Ben\u00edtez pode ser a novidade do S\u00e3o Paulo no cl\u00e1ssico com o Santos na Vila Belmiro","link":"https:\/\/www.futebolinterior.com.br\/benitez-pode-ser-a-novidade-do-sao-paulo-no-classico-com-o-santos-na-vila-belmiro\/","chapeu":"A\u00cd SIM","data":"18\/06\/2021","imagem":"https:\/\/images.futebolinterior.com.br\/2021\/06\/sp01-300x198.jpg","resumo":"O meia est\u00e1 afastado dos gramados desde a partida de ida da final do Campeonato Paulista"},"1041787":{"titulo":"Luan sofre edema e vira d\u00favida no Palmeiras; Patrick de Paula volta a treinar","link":"https:\/\/www.futebolinterior.com.br\/luan-sofre-edema-e-vira-duvida-no-palmeiras-patrick-de-paula-volta-a-treinar\/","chapeu":"EITA","data":"18\/06\/2021","imagem":0,"resumo":"O zagueiro sofreu um edema na panturrilha direita e ficou de fora do treino desta sexta-feira"}}