{"1045106":{"titulo":"Cuca perde a cabe\u00e7a ap\u00f3s derrota do Atl\u00e9tico e chama ex-\u00e1rbitro Fifa de \"vagabundo\"","link":"https:\/\/www.futebolinterior.com.br\/cuca-perde-a-cabeca-apos-derrota-do-atletico-e-chama-ex-arbitro-fifa-de-vagabundo\/","chapeu":"PAPEL\u00c3O!","data":"24\/06\/2021","imagem":"https:\/\/images.futebolinterior.com.br\/2021\/06\/xWxIIyVS-Atletico_PedroSouza_02_ori-300x199.jpg","resumo":"Cuca ainda falou um monte para o juiz\u00e3o que se afastou e manteve a calma"},"1045097":{"titulo":"Legado de Jair! Chapecoense perde outra, v\u00ea ruir tabu e segue sem vencer com \"estagi\u00e1rio\"","link":"https:\/\/www.futebolinterior.com.br\/legado-de-jair-chapecoense-perde-outra-ve-ruir-tabu-e-segue-sem-vencer-com-estagiario\/","chapeu":"LEGADO?","data":"24\/06\/2021","imagem":"https:\/\/images.futebolinterior.com.br\/2021\/06\/Chape_MarcioCunha_01_ori-300x200.jpg","resumo":"Como se isso n\u00e3o bastasse, Jair Ventura somou seu sexto jogo sem vit\u00f3ria \u00e0 frente da Chapecoense - s\u00e3o tr\u00eas derrotas e tr\u00eas empates"},"1045085":{"titulo":"Ex-Cear\u00e1 assume falhas em derrota do Atl\u00e9tico-MG: \"Responsabilidade minha\"","link":"https:\/\/www.futebolinterior.com.br\/ex-ceara-assume-falhas-em-derrota-do-atletico-mg-responsabilidade-minha\/","chapeu":"FALHAS","data":"24\/06\/2021","imagem":"https:\/\/images.futebolinterior.com.br\/2021\/06\/everson-1-300x200.jpg","resumo":"\u00c9verson falhou nos dois gols marcados pelo Cear\u00e1, seu ex-clube"},"1045060":{"titulo":"Corinthians 2 x 1 Sport - J\u00f4 volta a marcar, Tim\u00e3o joga bem e vence segunda","link":"https:\/\/www.futebolinterior.com.br\/corinthians-2-x-1-sport-jo-volta-a-marcar-timao-joga-bem-e-vence-segunda\/","chapeu":"UFA","data":"24\/06\/2021","imagem":"https:\/\/images.futebolinterior.com.br\/2021\/06\/16244877660527b1b41d984cd95100beff3605d26e-300x205.jpg","resumo":""},"1045037":{"titulo":"Cear\u00e1 2 x 1 Atl\u00e9tico-MG - Ex-Cear\u00e1 entrega duas vezes e Galo perde do Voz\u00e3o!","link":"https:\/\/www.futebolinterior.com.br\/ceara-2-x-1-atletico-mg-ex-ceara-entrega-duas-vezes-e-galo-perde-do-vozao\/","chapeu":"LAMBAN\u00c7A!","data":"24\/06\/2021","imagem":"https:\/\/images.futebolinterior.com.br\/2021\/06\/zoJx3FeD-CeaxAtlMG_Felipe-Santos_01_ori-300x169.jpg","resumo":"\u00c9verson falhou no gol de Lima ao sair jogando errado e no gol de Gabriel Lacerda ao pular em c\u00e2mera lenta"},"1045039":{"titulo":"Chapecoense 1 x 2 Internacional - Na estreia de Aguirre, Colorado encerra tabu de 13 anos!","link":"https:\/\/www.futebolinterior.com.br\/chapecoense-1-x-2-internacional-na-estreia-de-aguirre-colorado-encerra-tabu-de-13-anos\/","chapeu":"IMPORTANTE","data":"24\/06\/2021","imagem":"https:\/\/images.futebolinterior.com.br\/2021\/06\/Internacional-Foto-300x200.jpg","resumo":"Esta foi a primeira vit\u00f3ria do Internacional jogando na Arena Cond\u00e1, em Chapec\u00f3"},"1045052":{"titulo":"Exames descartam fratura, mas Gabriel Sara passar\u00e1 por tratamento no S\u00e3o Paulo","link":"https:\/\/www.futebolinterior.com.br\/exames-descartam-fratura-mas-gabriel-sara-passara-por-tratamento-no-sao-paulo\/","chapeu":"UFA","data":"24\/06\/2021","imagem":"https:\/\/images.futebolinterior.com.br\/2021\/06\/E4mt6euWEAMWU9K-300x225.jpg","resumo":""},"1044998":{"titulo":"Segunda chance! Palmeiras vai reintegrar dupla de baladeiros nesta sexta-feira","link":"https:\/\/www.futebolinterior.com.br\/segunda-chance-palmeiras-vai-reintegrar-dupla-de-baladeiros-nesta-sexta-feira\/","chapeu":"APRENDERAM?","data":"24\/06\/2021","imagem":"https:\/\/images.futebolinterior.com.br\/2021\/06\/lucaas-lima-300x169.jpg","resumo":"Os dois foram multados em 40% de seus sal\u00e1rios depois de irem a bares que funcionavam clandestinamente em S\u00e3o Paulo"},"1044958":{"titulo":"Crespo iguala sequ\u00eancia negativa que causou demiss\u00e3o de Diniz no S\u00e3o Paulo","link":"https:\/\/www.futebolinterior.com.br\/crespo-iguala-sequencia-negativa-que-causou-demissao-de-diniz-no-sao-paulo\/","chapeu":"COISA T\u00c1 FEIA","data":"24\/06\/2021","imagem":"https:\/\/images.futebolinterior.com.br\/2021\/06\/XKY0zLA2-E4m7DRRWUAQfVhb-300x225.jpg","resumo":""},"1044910":{"titulo":"Am\u00e9rica-MG 1 x 1 Juventude - Gols de p\u00eanaltis, estreia de ex-Corinthians, mas nada de vit\u00f3ria!","link":"https:\/\/www.futebolinterior.com.br\/america-mg-1-x-1-juventude-gols-de-penalti-estreia-de-ex-corinthians-mas-nada-de-vitoria\/","chapeu":"DE P\u00caNALTI!","data":"24\/06\/2021","imagem":"https:\/\/images.futebolinterior.com.br\/2021\/06\/JuvxAmeMG_Arthur-Dallegrave_01_ori-300x200.jpg","resumo":"Dois gols foram marcados em cobran\u00e7as de p\u00eanaltis - Matheus Peixoto fez para os visitantes e Juninho Valoura anotou para os mineiro"}}