{"276725":{"titulo":"Guarani ganha concorr\u00eancia de rival da S\u00e9rie B por atacante da Chapecoense","link":"https:\/\/www.futebolinterior.com.br\/guarani-ganha-concorrencia-de-rival-da-serie-b-por-atacante-da-chapecoense\/","chapeu":"EITA","data":"21\/05\/2019","imagem":"https:\/\/images.futebolinterior.com.br\/2020\/11\/0002050389746_img-300x200.jpg","resumo":"O Crici\u00fama demonstrou interesse na contrata\u00e7\u00e3o de Lourency, que perdeu espa\u00e7o no Verd\u00e3o do Oeste"},"276730":{"titulo":"Lateral rescinde com Fortaleza e pode parar em clube da S\u00e9rie B","link":"https:\/\/www.futebolinterior.com.br\/lateral-rescinde-com-fortaleza-e-pode-parar-em-clube-da-serie-b\/","chapeu":"TROCA!","data":"21\/05\/2019","imagem":"https:\/\/images.futebolinterior.com.br\/2020\/11\/0002050389739_img-300x225.jpg","resumo":"Diego Ferreira deixou o clube cearense e est\u00e1 muito perto de assinar com o Am\u00e9rica-MG"},"338620":{"titulo":"Ex-Gr\u00eamio e S\u00e3o Paulo, J\u00fanior Ch\u00e1vare assume categorias de base do Atl\u00e9tico-MG","link":"https:\/\/www.futebolinterior.com.br\/ex-gremio-e-sao-paulo-junior-chavare-assume-categorias-de-base-do-atletico-mg\/","chapeu":"NOME DE PESO","data":"21\/05\/2019","imagem":"https:\/\/images.futebolinterior.com.br\/2021\/04\/0002050389712_img-300x169.jpg","resumo":"J\u00fanior Ch\u00e1vare trabalha h\u00e1 mais de 20 anos com pesquisas, estudos, an\u00e1lises e gest\u00e3o "},"338638":{"titulo":"Willian inicia transi\u00e7\u00e3o f\u00edsica no Palmeiras e pode retornar logo ap\u00f3s Copa Am\u00e9rica","link":"https:\/\/www.futebolinterior.com.br\/willian-inicia-transicao-fisica-no-palmeiras-e-pode-retornar-logo-apos-copa-america\/","chapeu":"DE VOLTA","data":"21\/05\/2019","imagem":"https:\/\/images.futebolinterior.com.br\/2021\/04\/0002050389693_img-241x300.jpg","resumo":" A expectativa \u00e9 a de que o camisa 29 esteja novamente \u00e0 disposi\u00e7\u00e3o de Felip\u00e3o ap\u00f3s a pausa para a Copa Am\u00e9rica"},"338647":{"titulo":"Marcos Paulo elogia estilo de jogo de Diniz no Fluminense: 'Pede para ser ousado'","link":"https:\/\/www.futebolinterior.com.br\/marcos-paulo-elogia-estilo-de-jogo-de-diniz-no-fluminense-pede-para-ser-ousado\/","chapeu":"APROVADO","data":"21\/05\/2019","imagem":"https:\/\/images.futebolinterior.com.br\/2021\/04\/0002050389688_img.jpg","resumo":"\"Ele (Fernando Diniz) sempre conversa e pede para jogar com a alegria de sempre, pede para ser ousado\", disse o jogador"},"338655":{"titulo":"Ap\u00f3s 14 anos, Brasileir\u00e3o volta a ter mulher como \u00e1rbitra em jogo da S\u00e9rie A","link":"https:\/\/www.futebolinterior.com.br\/apos-14-anos-brasileirao-volta-a-ter-mulher-como-arbitra-em-jogo-da-serie-a\/","chapeu":"FINALMENTE","data":"21\/05\/2019","imagem":"https:\/\/images.futebolinterior.com.br\/2021\/04\/0002050389687_img-300x182.jpg","resumo":"\"Eu s\u00f3 consigo ver meus \u00e1rbitros como pessoas iguais\", disse Leonardo Garciba, presidente da Comiss\u00e3o de Arbitragem da CBF"},"338661":{"titulo":"Palmeiras e Globo encaminham acordo e jogo de s\u00e1bado pode ter exibi\u00e7\u00e3o na TV","link":"https:\/\/www.futebolinterior.com.br\/palmeiras-e-globo-encaminham-acordo-e-jogo-de-sabado-pode-ter-exibicao-na-tv\/","chapeu":"QUASE L\u00c1","data":"21\/05\/2019","imagem":"https:\/\/images.futebolinterior.com.br\/2021\/04\/0002050389683_img-286x300.jpg","resumo":"A negocia\u00e7\u00e3o caminhou ap\u00f3s a Globo aceitar que n\u00e3o vai impor o redutor de 20% no valor do contrato"},"276747":{"titulo":"Revela\u00e7\u00e3o da base, volante renova com a Chapecoense at\u00e9 2021","link":"https:\/\/www.futebolinterior.com.br\/revelacao-da-base-volante-renova-com-a-chapecoense-ate-2021\/","chapeu":"\u00c9 DE CASA","data":"21\/05\/2019","imagem":"https:\/\/images.futebolinterior.com.br\/2020\/11\/0002050389689_img-300x200.jpg","resumo":"Antes torcedor de arquibancada, o jogador de 21 anos faz sua primeira temporada no time profissional"},"338667":{"titulo":"Everton pede humildade ao Gr\u00eamio para reverter situa\u00e7\u00e3o dif\u00edcil no Brasileir\u00e3o","link":"https:\/\/www.futebolinterior.com.br\/everton-pede-humildade-ao-gremio-para-reverter-situacao-dificil-no-brasileirao\/","chapeu":"APELO","data":"21\/05\/2019","imagem":"https:\/\/images.futebolinterior.com.br\/2021\/04\/0002050389667_img-300x203.jpg","resumo":"\"Muitas vezes voc\u00ea acaba entrando com excesso de confian\u00e7a\", disse o atacante"},"338659":{"titulo":"Geninho elogia atua\u00e7\u00e3o no Rio e Ava\u00ed aposta em 'juventude' no ataque","link":"https:\/\/www.futebolinterior.com.br\/geninho-elogia-atuacao-no-rio-e-avai-aposta-em-juventude-no-ataque\/","chapeu":"MUDAN\u00c7AS","data":"21\/05\/2019","imagem":"https:\/\/images.futebolinterior.com.br\/2021\/04\/0002050389673_img-300x259.jpg","resumo":"Geninho parece ter encontrado na \u2018juventude\u2019 as solu\u00e7\u00f5es para os problemas ofensivos do Ava\u00ed"}}