{"338550":{"titulo":"Gr\u00eamio esquece m\u00e1 fase no Brasileir\u00e3o e mira vit\u00f3ria na estreia da Copa do Brasil","link":"https:\/\/www.futebolinterior.com.br\/gremio-esquece-ma-fase-no-brasileirao-e-mira-vitoria-na-estreia-da-copa-do-brasil\/","chapeu":"OUTRO JOGO","data":"22\/05\/2019","imagem":"https:\/\/images.futebolinterior.com.br\/2021\/04\/0002050389890_img-300x200.jpg","resumo":"Em situa\u00e7\u00e3o dif\u00edcil neste in\u00edcio de Campeonato Brasileiro, o Gr\u00eamio ocupa a vice-lanterna (19\u00aa coloca\u00e7\u00e3o) com apenas dois pontos em cinco rodadas"},"338552":{"titulo":"Goi\u00e1s monta equipe especial para ajudar o atacante Walter a emagrecer","link":"https:\/\/www.futebolinterior.com.br\/goias-monta-equipe-especial-para-ajudar-o-atacante-walter-a-emagrecer\/","chapeu":"AJUDA","data":"22\/05\/2019","imagem":"https:\/\/images.futebolinterior.com.br\/2021\/04\/0002050389888_img-300x199.jpg","resumo":"Antes inimiga, a balan\u00e7a virou agora uma aliada para Walter ter nova chance no futebol"},"338555":{"titulo":"Reintegrado ao elenco, Bryan Ruiz continua com futuro incerto no Santos","link":"https:\/\/www.futebolinterior.com.br\/reintegrado-ao-elenco-bryan-ruiz-continua-com-futuro-incerto-no-santos\/","chapeu":"DE FORA","data":"22\/05\/2019","imagem":"https:\/\/images.futebolinterior.com.br\/2021\/04\/0002050389887_img-300x200.jpg","resumo":"Sem jogar uma partida pelo Santos desde o dia 12 de novembro do ano passado, quando a equipe foi derrotada pela Chapecoense por 1 a 0 pelo Campeonato Brasileiro"},"276700":{"titulo":"Gigante ingl\u00eas \u00e9 mais um a demonstrar interesse em atacante do Fluminense","link":"https:\/\/www.futebolinterior.com.br\/gigante-ingles-e-mais-um-a-demonstrar-interesse-em-atacante-do-fluminense\/","chapeu":"QUE MORAL","data":"21\/05\/2019","imagem":"https:\/\/images.futebolinterior.com.br\/2020\/11\/0002050389798_img-300x172.jpg","resumo":"Um representante do Manchester United procurou a diretoria tricolor para saber da situa\u00e7\u00e3o de Pedro"},"276705":{"titulo":"Dirigente banca Mano no Cruzeiro e afirma: \"Culpa \u00e9 dos jogadores\"","link":"https:\/\/www.futebolinterior.com.br\/dirigente-banca-mano-no-cruzeiro-e-afirma-culpa-e-dos-jogadores\/","chapeu":"TENSO!","data":"21\/05\/2019","imagem":"https:\/\/images.futebolinterior.com.br\/2020\/11\/0002050389780_img-300x200.jpg","resumo":"Itair Machado garantiu que a diretoria n\u00e3o pensa em substituir o treinador"},"338592":{"titulo":"Volante do Santos nega crise ap\u00f3s goleada sofrida para o Palmeiras","link":"https:\/\/www.futebolinterior.com.br\/volante-do-santos-nega-crise-apos-goleada-sofrida-para-o-palmeiras\/","chapeu":"TUDO EM ORDEM","data":"21\/05\/2019","imagem":"https:\/\/images.futebolinterior.com.br\/2021\/04\/0002050389772_img-300x208.jpg","resumo":"Jean Lucas disse que o Peixe vai trabalhar firme para se reabilitar no final de semana, contra o Internacional"},"338594":{"titulo":"Ap\u00f3s empate, Vasco se reapresenta com jogo-treino de reservas","link":"https:\/\/www.futebolinterior.com.br\/apos-empate-vasco-se-reapresenta-com-jogo-treino-de-reservas\/","chapeu":"VEJA!","data":"21\/05\/2019","imagem":"https:\/\/images.futebolinterior.com.br\/2021\/04\/0002050389764_img-300x151.png","resumo":"Ao longo do jogo-treino, Luxemburgo evitou mudar drasticamente a estrutura da equipe reserva, mas promoveu testes no time"},"338597":{"titulo":"Matheus Jesus se destaca em treino e pode ser surpresa no Corinthians","link":"https:\/\/www.futebolinterior.com.br\/matheus-jesus-se-destaca-em-treino-e-pode-ser-surpresa-no-corinthians\/","chapeu":"OLHO NELE!","data":"21\/05\/2019","imagem":"https:\/\/images.futebolinterior.com.br\/2021\/04\/0002050389762_img-300x192.png","resumo":"Ele foi bem na distribui\u00e7\u00e3o de jogo, errou poucos passes e mostrou bom entrosamento, apesar dos poucos treinos"},"338606":{"titulo":"Ansioso por ida \u00e0 Copa Am\u00e9rica, Nico L\u00f3pez garante foco nas partidas pelo Inter","link":"https:\/\/www.futebolinterior.com.br\/ansioso-por-ida-a-copa-america-nico-lopez-garante-foco-nas-partidas-pelo-inter\/","chapeu":"CABE\u00c7A A MILH\u00c3O","data":"21\/05\/2019","imagem":"https:\/\/images.futebolinterior.com.br\/2021\/04\/0002050389751_img-300x194.jpg","resumo":"Atacante foi pr\u00e9-convocado pelo t\u00e9cnico da sele\u00e7\u00e3o do Uruguai, \u00d3scar Tab\u00e1rez, e aguarda pela lista final"},"338610":{"titulo":"CBF descarta mudar Corinthians x S\u00e3o Paulo e PM aumentar\u00e1 policiamento","link":"https:\/\/www.futebolinterior.com.br\/cbf-descarta-mudar-corinthians-x-sao-paulo-e-pm-aumentara-policiamento\/","chapeu":"CAUTELA","data":"21\/05\/2019","imagem":"https:\/\/images.futebolinterior.com.br\/2021\/04\/0002050389747_img-300x200.jpg","resumo":"Pol\u00edcia entende que h\u00e1 risco de confronto porque a sede da Torcida Jovem, principal organizada do Santos, fica na Zona Leste da capital"}}