{"338448":{"titulo":"Manoel leva pis\u00e3o e desfalcar\u00e1 Corinthians contra o Deportivo Lara","link":"https:\/\/www.futebolinterior.com.br\/manoel-leva-pisao-e-desfalcara-corinthians-contra-o-deportivo-lara\/","chapeu":"XI...","data":"22\/05\/2019","imagem":"https:\/\/images.futebolinterior.com.br\/2021\/04\/0002050390021_img-300x191.jpg","resumo":"Marllon e Pedro Henrique disputam a posi\u00e7\u00e3o sob o comando de Fabio Carille"},"338456":{"titulo":"Geg\u00ea comemora retorno ao time titular do Ava\u00ed e quer vit\u00f3ria contra o Cear\u00e1","link":"https:\/\/www.futebolinterior.com.br\/gege-comemora-retorno-ao-time-titular-do-avai-e-quer-vitoria-contra-o-ceara\/","chapeu":"VAI QUE VAI!","data":"22\/05\/2019","imagem":"https:\/\/images.futebolinterior.com.br\/2021\/04\/0002050390006_img-300x190.jpg","resumo":"O duelo deve marcar tamb\u00e9m o retorno do meia Douglas, recuperado de les\u00e3o"},"338478":{"titulo":"Volante rebate cr\u00edticos do Corinthians: \"Quando mais pedrada, melhor\"","link":"https:\/\/www.futebolinterior.com.br\/volante-rebate-criticos-do-corinthians-quando-mais-pedrada-melhor\/","chapeu":"FICOU MAGOADO?","data":"22\/05\/2019","imagem":"https:\/\/images.futebolinterior.com.br\/2021\/04\/0002050390098_img-300x149.jpg","resumo":"J\u00fanior Urso, por\u00e9m, garantiu que n\u00e3o fica incomodado com as cr\u00edticas recebidas pelo time"},"338497":{"titulo":"Ganso se diz feliz e adaptado no Flu e comenta reencontro com Paulo Autuori","link":"https:\/\/www.futebolinterior.com.br\/ganso-se-diz-feliz-e-adaptado-no-flu-e-comenta-reencontro-com-paulo-autuori\/","chapeu":"EM CASA","data":"22\/05\/2019","imagem":"https:\/\/images.futebolinterior.com.br\/2021\/04\/0002050389954_img-300x215.jpg","resumo":"Meia afirmou que s\u00f3 ficar\u00e1 completamente satisfeito quando a equipe conquistar alguma ta\u00e7a nesta temporada"},"338486":{"titulo":"Corinthians anuncia contrata\u00e7\u00e3o de atacante que estava no Fluminense","link":"https:\/\/www.futebolinterior.com.br\/corinthians-anuncia-contratacao-de-atacante-que-estava-no-fluminense\/","chapeu":"AGORA SIM","data":"22\/05\/2019","imagem":"https:\/\/images.futebolinterior.com.br\/2021\/04\/0002050389949_img-300x300.jpg","resumo":"Everaldo assinou contrato por quatro temporadas e foi um pedido do t\u00e9cnico F\u00e1bio Carille"},"338489":{"titulo":"Lateral do Vasco culpa excesso de partidas por queda de rendimento","link":"https:\/\/www.futebolinterior.com.br\/lateral-do-vasco-culpa-excesso-de-partidas-por-queda-de-rendimento\/","chapeu":"DESCULPA?","data":"22\/05\/2019","imagem":"https:\/\/images.futebolinterior.com.br\/2021\/04\/0002050389948_img-300x204.jpg","resumo":"O Gigante da Colina somou apenas dois pontos no Brasileir\u00e3o e \u00e9 um dos \u00faltimos colocados"},"338495":{"titulo":"Emprestado ao Santa Cruz pelo Palmeiras, goleiro entra na mira do Cear\u00e1","link":"https:\/\/www.futebolinterior.com.br\/emprestado-ao-santa-cruz-pelo-palmeiras-goleiro-entra-na-mira-do-ceara\/","chapeu":"DE OLHO","data":"22\/05\/2019","imagem":"https:\/\/images.futebolinterior.com.br\/2021\/04\/0002050389939_img-300x194.png","resumo":"Titular na disputa da S\u00e9rie C, Anderson pretende cumprir contrato com o time pernambucano"},"338503":{"titulo":"Crici\u00fama faz consulta por Lourency, mas ouve 'n\u00e3o' da Chapecoense","link":"https:\/\/www.futebolinterior.com.br\/criciuma-faz-consulta-por-lourency-mas-ouve-nao-da-chapecoense\/","chapeu":"NADA DISSO","data":"22\/05\/2019","imagem":"https:\/\/images.futebolinterior.com.br\/2021\/04\/0002050389931_img-245x300.png","resumo":"A Chapecoense recebeu nesta quarta-feira o interesse do rival Crici\u00fama em contratar o atacante Lourency, de apenas 23 anos, titular durante o Campeonato Catarinense"},"338528":{"titulo":"Ap\u00f3s cirurgia, atacante est\u00e1 liberado e inicia transi\u00e7\u00e3o f\u00edsica no Palmeiras","link":"https:\/\/www.futebolinterior.com.br\/apos-cirurgia-atacante-esta-liberado-e-inicia-transicao-fisica-no-palmeiras\/","chapeu":"VOLTANDO!","data":"22\/05\/2019","imagem":"https:\/\/images.futebolinterior.com.br\/2021\/04\/0002050389919_img-300x166.jpg","resumo":"Willian chegou ao Verd\u00e3o em 2017 e, em 121 jogos pelo time palestrino, marcou 34 gols e deu 15 assist\u00eancias"},"338532":{"titulo":"Com direito a olheiro, promessa do S\u00e3o Paulo entra na mira da Inter de Mil\u00e3o","link":"https:\/\/www.futebolinterior.com.br\/com-direito-a-olheiro-promessa-do-sao-paulo-entra-na-mira-da-inter-de-milao\/","chapeu":"DE OLHO","data":"22\/05\/2019","imagem":"https:\/\/images.futebolinterior.com.br\/2021\/04\/0002050389903_img-300x193.jpg","resumo":" O representante do time italiano esteve no Morumbi no domingo para assistir o jogo contra o Bahia"}}