{"338368":{"titulo":"Botafogo exalta consist\u00eancia defensiva ap\u00f3s abrir vantagem na Sul-Americana","link":"https:\/\/www.futebolinterior.com.br\/botafogo-exalta-consistencia-defensiva-apos-abrir-vantagem-na-sul-americana\/","chapeu":"GOSTOU","data":"23\/05\/2019","imagem":"https:\/\/images.futebolinterior.com.br\/2021\/04\/0002050390157_img-300x225.jpg","resumo":"A atua\u00e7\u00e3o do Botafogo n\u00e3o foi de empolgar, mas a vantagem adquirida no confronto de ida pela segunda fase da Copa Sul-Americana e a consist\u00eancia defensiva foram celebradas"},"338377":{"titulo":"Felip\u00e3o minimiza problema de Ricardo Goulart e prev\u00ea retorno ap\u00f3s Copa Am\u00e9rica","link":"https:\/\/www.futebolinterior.com.br\/felipao-minimiza-problema-de-ricardo-goulart-e-preve-retorno-apos-copa-america\/","chapeu":"CALMA","data":"23\/05\/2019","imagem":"https:\/\/images.futebolinterior.com.br\/2021\/04\/0002050390149_img-300x183.jpg","resumo":"O t\u00e9cnico Luiz Felipe Scolari tentou minimizar a gravidade da cirurgia pela qual o meia-atacante Ricardo Goulart foi submetido recentemente"},"338422":{"titulo":"Machucado, lateral Guga vai desfalcar Atl\u00e9tico-MG contra Gr\u00eamio","link":"https:\/\/www.futebolinterior.com.br\/machucado-lateral-guga-vai-desfalcar-atletico-mg-contra-gremio\/","chapeu":"PROBLEMA","data":"22\/05\/2019","imagem":"https:\/\/images.futebolinterior.com.br\/2021\/04\/0002050390086_img-300x200.jpg","resumo":"O jogador sofreu uma les\u00e3o na coxa, em partida pela Sul-Americana, e n\u00e3o atua nesse s\u00e1bado"},"276600":{"titulo":"CSA espera ter apoio da torcida para vencer a primeira no Brasileir\u00e3o","link":"https:\/\/www.futebolinterior.com.br\/csa-espera-ter-apoio-da-torcida-para-vencer-a-primeira-no-brasileirao\/","chapeu":"IMPORTANTE","data":"22\/05\/2019","imagem":"https:\/\/images.futebolinterior.com.br\/2020\/11\/0002050390063_img-300x200.jpg","resumo":"Na zona de rebaixamento, o Azul\u00e3o vai ter pela frente o Goi\u00e1s na pr\u00f3xima segunda-feira, em Macei\u00f3"},"338432":{"titulo":"Conmebol recua e volta a permitir clubes de divis\u00f5es inferiores nos seus torneios","link":"https:\/\/www.futebolinterior.com.br\/conmebol-recua-e-volta-a-permitir-clubes-de-divisoes-inferiores-nos-seus-torneios\/","chapeu":"\u00c9, MELHOR N\u00c3O","data":"22\/05\/2019","imagem":"https:\/\/images.futebolinterior.com.br\/2021\/04\/0002050390046_img-300x194.jpg","resumo":"Medida pegou os clubes de surpresa e chegou a ser publicamente contestada pela Superliga argentina"},"338436":{"titulo":"Zagueiro nega atritos no vesti\u00e1rio do Cruzeiro: \"Todos n\u00f3s nos damos muito bem\"","link":"https:\/\/www.futebolinterior.com.br\/zagueiro-nega-atritos-no-vestiario-do-cruzeiro-todos-nos-nos-damos-muito-bem\/","chapeu":"MAIS UM","data":"22\/05\/2019","imagem":"https:\/\/images.futebolinterior.com.br\/2021\/04\/0002050390048_img-300x210.jpg","resumo":"Na avalia\u00e7\u00e3o de L\u00e9o, as oscila\u00e7\u00f5es em campo s\u00e3o comuns no time mineiro nos \u00faltimos anos"},"276613":{"titulo":"Dirigente do Flamengo causa pol\u00eamica com declara\u00e7\u00e3o preconceituosa sobre a torcida","link":"https:\/\/www.futebolinterior.com.br\/dirigente-do-flamengo-causa-polemica-com-declaracao-preconceituosa-sobre-a-torcida\/","chapeu":"SEM CULTURA?","data":"22\/05\/2019","imagem":"https:\/\/images.futebolinterior.com.br\/2020\/11\/0002050390032_img-300x188.jpg","resumo":"Cacau Cotta acredita que protesto nos muros da G\u00e1vea foram ato pol\u00edtico"},"338446":{"titulo":"S\u00e3o Paulo anuncia a contrata\u00e7\u00e3o de atacante que estava no Fluminense","link":"https:\/\/www.futebolinterior.com.br\/sao-paulo-anuncia-a-contratacao-de-atacante-que-estava-no-fluminense\/","chapeu":"NA \u00c1REA!","data":"22\/05\/2019","imagem":"https:\/\/images.futebolinterior.com.br\/2021\/04\/0002050390030_img-300x155.jpg","resumo":"Em contrapartida, Brenner, de 19 anos, foi emprestado pelo time paulista ao Flu at\u00e9 o fim desta temporada"},"276618":{"titulo":"CSA multa estrangeiros ap\u00f3s 'balada' e rescinde com Armero, ex-Palmeiras","link":"https:\/\/www.futebolinterior.com.br\/csa-multa-estrangeiros-apos-balada-e-rescinde-com-armero-ex-palmeiras\/","chapeu":"BATEU O MARTELO","data":"22\/05\/2019","imagem":"https:\/\/images.futebolinterior.com.br\/2020\/11\/0002050390025_img-300x200.png","resumo":"O Colombiano foi o \u00fanico a deixar o clube; Manga Escobar e Maidana continuam"},"338450":{"titulo":"Lateral do Santos reconhece erro no cl\u00e1ssico, mas acredita ter moral com Sampaoli","link":"https:\/\/www.futebolinterior.com.br\/lateral-do-santos-reconhece-erro-no-classico-mas-acredita-ter-moral-com-sampaoli\/","chapeu":"SER\u00c1?","data":"22\/05\/2019","imagem":"https:\/\/images.futebolinterior.com.br\/2021\/04\/0002050390023_img-300x199.jpg","resumo":"Felipe Jonatan tamb\u00e9m comentou sobre o Internacional, que \u00e9 o pr\u00f3ximo advers\u00e1rio do Peixe no Brasileir\u00e3o"}}