{"338309":{"titulo":"Principal refor\u00e7o, atacante deixa o Palmeiras e volta para a China","link":"https:\/\/www.futebolinterior.com.br\/principal-reforco-atacante-deixa-o-palmeiras-e-volta-para-a-china\/","chapeu":"MAS J\u00c1?","data":"23\/05\/2019","imagem":"https:\/\/images.futebolinterior.com.br\/2021\/04\/0002050390221_img-300x187.jpg","resumo":"O Guangzhou Evergrande ofereceu um aumento de 70% no sal\u00e1rio e contrato de cinco anos"},"338313":{"titulo":"Chapecoense treina com time misto e pode ter mudan\u00e7as contra o Cruzeiro","link":"https:\/\/www.futebolinterior.com.br\/chapecoense-treina-com-time-misto-e-pode-ter-mudancas-contra-o-cruzeiro\/","chapeu":"NOVIDADES","data":"23\/05\/2019","imagem":"https:\/\/images.futebolinterior.com.br\/2021\/04\/0002050390212_img-300x238.jpg","resumo":"Em crise no Campeonato Brasileiro, o t\u00e9cnico Ney Franco comemorou a semana completa de trabalho para ajeitar os detalhes na Chapecoense"},"338329":{"titulo":"Nik\u00e3o responde a ofensas racistas ap\u00f3s vit\u00f3ria: 'Negro com muito orgulho'","link":"https:\/\/www.futebolinterior.com.br\/nikao-responde-a-ofensas-racistas-apos-vitoria-negro-com-muito-orgulho\/","chapeu":"INACEIT\u00c1VEL","data":"23\/05\/2019","imagem":"https:\/\/images.futebolinterior.com.br\/2021\/04\/0002050390194_img-300x169.jpg","resumo":"Em publica\u00e7\u00e3o no Instagram, o jogador exp\u00f4s algumas mensagens que estava recebendo nos coment\u00e1rios de suas fotos"},"338347":{"titulo":"Aguilar nega desequil\u00edbrio, mas admite dificuldade do Santos em desvantagem","link":"https:\/\/www.futebolinterior.com.br\/aguilar-nega-desequilibrio-mas-admite-dificuldade-do-santos-em-desvantagem\/","chapeu":"DIF\u00cdCIL...","data":"23\/05\/2019","imagem":"https:\/\/images.futebolinterior.com.br\/2021\/04\/0002050390186_img-300x200.jpg","resumo":"\"Quando sa\u00edmos perdendo, nos descuidamos um pouco da parte defensiva, desordenamos, perdemos a ideia e o foco\", disse o jogador"},"338336":{"titulo":"No mercado, S\u00e3o Paulo tenta contratar ex-lateral direito do Barcelona","link":"https:\/\/www.futebolinterior.com.br\/no-mercado-sao-paulo-tenta-contratar-ex-lateral-direito-do-barcelona\/","chapeu":"NAMORANDO","data":"23\/05\/2019","imagem":"https:\/\/images.futebolinterior.com.br\/2021\/04\/0002050390187_img-300x230.jpg","resumo":"Poucas horas ap\u00f3s a derrota por 1 a 0 para o Bahia no primeiro jogo das oitavas de final da Copa do Brasil, o S\u00e3o Paulo j\u00e1 definiu seu primeiro alvo na janela de transfer\u00eancias"},"338356":{"titulo":"Palmeiras anuncia acordo com Rede Globo para transmiss\u00e3o do Brasileir\u00e3o","link":"https:\/\/www.futebolinterior.com.br\/palmeiras-anuncia-acordo-com-rede-globo-para-transmissao-do-brasileirao\/","chapeu":"ACERTOU","data":"23\/05\/2019","imagem":"https:\/\/images.futebolinterior.com.br\/2021\/04\/0002050390181_img.jpg","resumo":"\"Tivemos os nossos pleitos atendidos a contento e assinamos um contrato com dura\u00e7\u00e3o de seis anos\", disse o presidente do clube"},"338366":{"titulo":"Renato se apoia em fase vitoriosa do Gr\u00eamio para minimizar irregularidade","link":"https:\/\/www.futebolinterior.com.br\/renato-se-apoia-em-fase-vitoriosa-do-gremio-para-minimizar-irregularidade\/","chapeu":"N\u00c3O \u00c9 PRA TANTO","data":"23\/05\/2019","imagem":"https:\/\/images.futebolinterior.com.br\/2021\/04\/0002050390174_img-300x200.jpg","resumo":"Renato Ga\u00facho Gr\u00eamio\r\n"},"338360":{"titulo":"Cuca pede centroavante argentino e lateral-direito \u00e0 diretoria do S\u00e3o Paulo","link":"https:\/\/www.futebolinterior.com.br\/cuca-pede-centroavante-argentino-e-lateral-direito-a-diretoria-do-sao-paulo\/","chapeu":"LISTINHA","data":"23\/05\/2019","imagem":"https:\/\/images.futebolinterior.com.br\/2021\/04\/0002050390166_img-300x200.jpg","resumo":"Dinenno, do Deportivo Cali, \u00e9 um dos nomes em pauta para refor\u00e7ar o ataque s\u00e3o-paulino"},"338362":{"titulo":"Santos acerta sal\u00e1rios com Uribe e fica perto de contratar atacante do Flamengo","link":"https:\/\/www.futebolinterior.com.br\/santos-acerta-salarios-com-uribe-e-fica-perto-de-contratar-atacante-do-flamengo\/","chapeu":"POR POUCO","data":"23\/05\/2019","imagem":"https:\/\/images.futebolinterior.com.br\/2021\/04\/0002050390165_img-300x200.jpg","resumo":"Uribe j\u00e1 est\u00e1 de malas prontas para defender o Santos"},"276592":{"titulo":"S\u00e9rie B: Am\u00e9rica acerta com atacante do Corinthians e negocia com meia do Vasco","link":"https:\/\/www.futebolinterior.com.br\/serie-b-america-acerta-com-atacante-do-corinthians-e-negocia-com-meia-do-vasco\/","chapeu":"NO MERCADO","data":"23\/05\/2019","imagem":"https:\/\/images.futebolinterior.com.br\/2020\/11\/0002050390162_img-300x146.jpg","resumo":"Rafael Bil\u00fa chega ao clube j\u00e1 nesta quinta-feira, enquanto Dudu depende de detalhes para ser confirmado como refor\u00e7o"}}