{"338250":{"titulo":"Recuperado de les\u00e3o, lateral cobra arrancada do Atl\u00e9tico-MG","link":"https:\/\/www.futebolinterior.com.br\/recuperado-de-lesao-lateral-cobra-arrancada-do-atletico-mg\/","chapeu":"T\u00c1 NA HORA","data":"23\/05\/2019","imagem":"https:\/\/images.futebolinterior.com.br\/2021\/04\/0002050390297_img-300x179.jpg","resumo":"A meta estipulada por F\u00e1bio Santos \u00e9 esquentar a briga pela lideran\u00e7a at\u00e9 a pausa para a Copa Am\u00e9rica"},"338260":{"titulo":"Atacante do Gr\u00eamio diz crer na 'lei do ex' e projeta gols em reencontro com ex-clube","link":"https:\/\/www.futebolinterior.com.br\/atacante-do-gremio-diz-crer-na-lei-do-ex-e-projeta-gols-em-reencontro-com-ex-clube\/","chapeu":"COM TUDO","data":"23\/05\/2019","imagem":"https:\/\/images.futebolinterior.com.br\/2021\/04\/0002050390294_img-300x200.jpg","resumo":"E, curiosamente, ele voltou a ficar \u00e0 disposi\u00e7\u00e3o do t\u00e9cnico Renato Ga\u00facho justamente para o duelo contra o Atl\u00e9tico-MG"},"276526":{"titulo":"Com propostas de times das S\u00e9ries A e B, dupla deve deixar a Ponte Preta","link":"https:\/\/www.futebolinterior.com.br\/com-propostas-de-times-das-series-a-e-b-dupla-deve-deixar-a-ponte-preta\/","chapeu":"SAINDO...","data":"23\/05\/2019","imagem":"https:\/\/images.futebolinterior.com.br\/2020\/11\/0002050390290_img-300x169.jpg","resumo":"O Am\u00e9rica-MG quer Tiago Real, enquanto o CSA consultou o atacante Thalles"},"338285":{"titulo":"MP teme brigas entre corintianos e santistas no domingo e pede maior policiamento","link":"https:\/\/www.futebolinterior.com.br\/mp-teme-brigas-entre-corintianos-e-santistas-no-domingo-e-pede-maior-policiamento\/","chapeu":"CUIDADOS!","data":"23\/05\/2019","imagem":"https:\/\/images.futebolinterior.com.br\/2021\/04\/0002050390279_img-300x188.jpg","resumo":"Isso porque o Santos recebe o Internacional \u00e0s 16 horas, na Vila Belmiro, enquanto o Corinthians enfrenta o S\u00e3o Paulo \u00e0s 19h"},"338281":{"titulo":"Cu\u00e9llar e Ren\u00ea treinam e podem refor\u00e7ar Flamengo no domingo","link":"https:\/\/www.futebolinterior.com.br\/cuellar-e-rene-treinam-e-podem-reforcar-flamengo-no-domingo\/","chapeu":"A\u00cd SIM!","data":"23\/05\/2019","imagem":"https:\/\/images.futebolinterior.com.br\/2021\/04\/0002050390273_img-300x200.jpg","resumo":"Eles foram a campo nesta tarde nos poucos minutos em que o treino foi aberto \u00e0 imprensa "},"338273":{"titulo":"F\u00e1bio admite instabilidade no Cruzeiro, mas prev\u00ea recupera\u00e7\u00e3o contra Chapecoense","link":"https:\/\/www.futebolinterior.com.br\/fabio-admite-instabilidade-no-cruzeiro-mas-preve-recuperacao-contra-chapecoense\/","chapeu":"ALTOS E BAIXOS","data":"23\/05\/2019","imagem":"https:\/\/images.futebolinterior.com.br\/2021\/04\/0002050390388_img-300x162.jpg","resumo":"O goleiro esteve ausente na \u00faltima rodada do Campeonato Brasileiro, quando o Cruzeiro foi derrotado pelo Fluminense por 4 a 1"},"338283":{"titulo":"Ex-atacante do Fluminense faz primeiro treino no S\u00e3o Paulo","link":"https:\/\/www.futebolinterior.com.br\/ex-atacante-do-fluminense-faz-primeiro-treino-no-sao-paulo\/","chapeu":"NOVIDADE","data":"23\/05\/2019","imagem":"https:\/\/images.futebolinterior.com.br\/2021\/04\/0002050390274_img-300x189.jpg","resumo":"Al\u00e9m de Marquinhos Calazans, a outra novidade na atividade desta quinta-feira foi o zagueiro Arboleda"},"338287":{"titulo":"Sid\u00e3o planeja repetir boas atua\u00e7\u00f5es pelo Vasco para afastar de vez a m\u00e1 fase","link":"https:\/\/www.futebolinterior.com.br\/sidao-planeja-repetir-boas-atuacoes-pelo-vasco-para-afastar-de-vez-a-ma-fase\/","chapeu":"SAI PRA L\u00c1","data":"23\/05\/2019","imagem":"https:\/\/images.futebolinterior.com.br\/2021\/04\/0002050390258_img-300x169.jpg","resumo":"O goleiro aproveitou para agradecer o trabalho feito durante os treinamentos com a comiss\u00e3o t\u00e9cnica"},"338293":{"titulo":"Ex-Inter, Brenner \u00e9 apresentado e assume responsabilidade por gols no Ava\u00ed","link":"https:\/\/www.futebolinterior.com.br\/ex-inter-brenner-e-apresentado-e-assume-responsabilidade-por-gols-no-avai\/","chapeu":"CHEGOU!","data":"23\/05\/2019","imagem":"https:\/\/images.futebolinterior.com.br\/2021\/04\/0002050390387_img-300x138.jpg","resumo":"O jogador fez sua estreia no Le\u00e3o no empate por 1 a 1 diante do Vasco da Gama"},"338299":{"titulo":"Palmeiras conta com retorno de Scarpa, mas Felip\u00e3o perde Veiga para pegar Botafogo","link":"https:\/\/www.futebolinterior.com.br\/palmeiras-conta-com-retorno-de-scarpa-mas-felipao-perde-veiga-para-pegar-botafogo\/","chapeu":"MUDAN\u00c7AS!!","data":"23\/05\/2019","imagem":"https:\/\/images.futebolinterior.com.br\/2021\/04\/0002050390246_img-300x169.jpg","resumo":"Ex-meia do Fluminense n\u00e3o atuava desde 8 de maio, quando se machucou durante o jogo contra o San Lorenzo, pela Libertadores"}}