{"276470":{"titulo":"Presidente do Cear\u00e1 diz ter \"conversa encaminhada\" com goleiro da S\u00e9rie C","link":"https:\/\/www.futebolinterior.com.br\/presidente-do-ceara-diz-ter-conversa-encaminhada-com-goleiro-da-serie-c\/","chapeu":"VAI FECHAR?","data":"24\/05\/2019","imagem":"https:\/\/images.futebolinterior.com.br\/2020\/11\/0002050390463_img-300x190.jpg","resumo":"Robinson de Castro espera fechar a contrata\u00e7\u00e3o de Anderson ainda neste final de semana"},"276472":{"titulo":"Com time reserva, Athletico tenta esquecer Recopa para se reabilitar no Brasileiro","link":"https:\/\/www.futebolinterior.com.br\/com-time-reserva-athletico-tenta-esquecer-recopa-para-se-reabilitar-no-brasileiro\/","chapeu":"FOCO!","data":"24\/05\/2019","imagem":"https:\/\/images.futebolinterior.com.br\/2020\/11\/0002050390455_img-300x167.jpg","resumo":"O Furac\u00e3o enfrenta o Flamengo, antes do compromisso diante o River Plate, na Argentina"},"338180":{"titulo":"Everton Ribeiro aposta em sequ\u00eancia em casa para Fla embalar e encerrar cr\u00edticas","link":"https:\/\/www.futebolinterior.com.br\/everton-ribeiro-aposta-em-sequencia-em-casa-para-fla-embalar-e-encerrar-criticas\/","chapeu":"PRA CIMA","data":"24\/05\/2019","imagem":"https:\/\/images.futebolinterior.com.br\/2021\/04\/0002050390447_img-300x200.jpg","resumo":"O meia acredita que o time carioca ter\u00e1 boas chances de mostrar um bom futebol nestes confrontos"},"338178":{"titulo":"Chapecoense treina com novidades para quebrar s\u00e9rie negativa no Brasileiro","link":"https:\/\/www.futebolinterior.com.br\/chapecoense-treina-com-novidades-para-quebrar-serie-negativa-no-brasileiro\/","chapeu":"VAI QUE VAI!","data":"24\/05\/2019","imagem":"https:\/\/images.futebolinterior.com.br\/2021\/04\/0002050390449_img-300x178.jpg","resumo":"O zagueiro Douglas e o meia Campanhoro devem refor\u00e7ar o time de Ney Franco contra o Cruzeiro"},"338184":{"titulo":"Sasha garante estar recuperado para voltar ao Santos no reencontro com ex-clube","link":"https:\/\/www.futebolinterior.com.br\/sasha-garante-estar-recuperado-para-voltar-ao-santos-no-reencontro-com-ex-clube\/","chapeu":"COM TUDO","data":"24\/05\/2019","imagem":"https:\/\/images.futebolinterior.com.br\/2021\/04\/0002050390445_img.png","resumo":"Recuperado, treinou nos \u00faltimos dias e far\u00e1 o seu retorno no duelo com o Internacional, domingo"},"276484":{"titulo":"S\u00e9rie B: Figueirense demonstra interesse por meia Dudu, do Vasco da Gama","link":"https:\/\/www.futebolinterior.com.br\/serie-b-figueirense-demonstra-interesse-por-meia-dudu-do-vasco-da-gama\/","chapeu":"DE OLHO!","data":"24\/05\/2019","imagem":"https:\/\/images.futebolinterior.com.br\/2020\/11\/0002050390431_img-300x201.jpg","resumo":"O jogador deve fazer parte da lista de dispensa, a ser montada por Vanderlei Luxemburgo"},"338200":{"titulo":"Ricardo Goulart exalta passagem pelo Palmeiras: 'Saio pela porta da frente'","link":"https:\/\/www.futebolinterior.com.br\/ricardo-goulart-exalta-passagem-pelo-palmeiras-saio-pela-porta-da-frente\/","chapeu":"VEIO E J\u00c1 FOI","data":"24\/05\/2019","imagem":"https:\/\/images.futebolinterior.com.br\/2021\/04\/0002050390425_img-300x176.jpg","resumo":"Ao todo, foram 12 jogos pela equipe paulista, antes de o clube chin\u00eas oferecer a Goulart a renova\u00e7\u00e3o do contrato "},"338194":{"titulo":"Carille diz que Manoel deve retornar ao Corinthians contra o S\u00e3o Paulo","link":"https:\/\/www.futebolinterior.com.br\/carille-diz-que-manoel-deve-retornar-ao-corinthians-contra-o-sao-paulo\/","chapeu":"OLHA O TIME!","data":"24\/05\/2019","imagem":"https:\/\/images.futebolinterior.com.br\/2021\/04\/0002050390424_img-300x166.jpg","resumo":"O jogador ficou de fora da vit\u00f3ria sobre o Deportivo Lara, pela Sul-Americana, na quinta-feira, por ter levado um pis\u00e3o no p\u00e9 esquerdo"},"338214":{"titulo":"Ap\u00f3s goleada no Pacaembu, Santos tem volta \u00e0 Vila como est\u00edmulo para recupera\u00e7\u00e3o","link":"https:\/\/www.futebolinterior.com.br\/apos-goleada-no-pacaembu-santos-tem-volta-a-vila-como-estimulo-para-recuperacao\/","chapeu":"COM TUDO","data":"24\/05\/2019","imagem":"https:\/\/images.futebolinterior.com.br\/2021\/04\/0002050390407_img-300x200.jpg","resumo":"S\u00e3o, portanto, quatro jogos na Vila em 2019, com quatro vit\u00f3rias, oito gols marcados"},"338252":{"titulo":"Zagueiro do Botafogo diz n\u00e3o se assustar com o Palmeiras: 'N\u00e3o \u00e9 invenc\u00edvel'","link":"https:\/\/www.futebolinterior.com.br\/zagueiro-do-botafogo-diz-nao-se-assustar-com-o-palmeiras-nao-e-invencivel\/","chapeu":"NADA DISSO","data":"23\/05\/2019","imagem":"https:\/\/images.futebolinterior.com.br\/2021\/04\/0002050390306_img-300x225.jpg","resumo":"Carli destacou a import\u00e2ncia da vit\u00f3ria diante do Sol de Am\u00e9rica, por 1 a 0, pela segunda fase da Copa Sul-Americana, na quarta-feira"}}