{"338145":{"titulo":"Palmeiras fecha prepara\u00e7\u00e3o em Bras\u00edlia e deve promover o retorno dos titulares","link":"https:\/\/www.futebolinterior.com.br\/palmeiras-fecha-preparacao-em-brasilia-e-deve-promover-o-retorno-dos-titulares\/","chapeu":"REFOR\u00c7O","data":"24\/05\/2019","imagem":"https:\/\/images.futebolinterior.com.br\/2021\/04\/0002050390485_img-300x156.png","resumo":"A equipe ter\u00e1 como desfalques o volante Felipe Melo, suspenso pelo terceiro cart\u00e3o amarelo, e o meia Raphael Veiga"},"338136":{"titulo":"Novamente no Castel\u00e3o, Fortaleza quer manter 'lua de mel' com a torcida","link":"https:\/\/www.futebolinterior.com.br\/novamente-no-castelao-fortaleza-quer-manter-lua-de-mel-com-a-torcida\/","chapeu":"BOA FASE","data":"24\/05\/2019","imagem":"https:\/\/images.futebolinterior.com.br\/2021\/04\/0002050390492_img-300x200.jpg","resumo":"O Fortaleza vive uma lua de mel com a sua torcida"},"276451":{"titulo":"S\u00e9rie B: Na frente dos concorrentes, Guarani fica perto de lateral da Chapecoense","link":"https:\/\/www.futebolinterior.com.br\/serie-b-na-frente-dos-concorrentes-guarani-fica-perto-de-lateral-da-chapecoense\/","chapeu":"AVAN\u00c7OU","data":"24\/05\/2019","imagem":"https:\/\/images.futebolinterior.com.br\/2020\/11\/0002050390490_img-300x200.jpg","resumo":"Figueirense e Santa Cruz tamb\u00e9m demonstraram interesse na contrata\u00e7\u00e3o de Roberto"},"338149":{"titulo":"Jean Pyerre admite fase ruim, mas diz que Gr\u00eamio n\u00e3o vai mudar seu estilo de jogo","link":"https:\/\/www.futebolinterior.com.br\/jean-pyerre-admite-fase-ruim-mas-diz-que-gremio-nao-vai-mudar-seu-estilo-de-jogo\/","chapeu":"CONFIAN\u00c7A","data":"24\/05\/2019","imagem":"https:\/\/images.futebolinterior.com.br\/2021\/04\/0002050390481_img-300x225.jpg","resumo":"\"Temos nossa forma de jogar e ganhamos com ela. N\u00e3o \u00e9 porque n\u00e3o estamos numa sequ\u00eancia boa que est\u00e1 tudo perdido\", disse o jogador"},"276463":{"titulo":"Dirigente do Atl\u00e9tico-MG faz sondagem por ex-atacante do Palmeiras","link":"https:\/\/www.futebolinterior.com.br\/dirigente-do-atletico-mg-faz-sondagem-por-ex-atacante-do-palmeiras\/","chapeu":"INTERESSA","data":"24\/05\/2019","imagem":"https:\/\/images.futebolinterior.com.br\/2020\/11\/0002050390478_img-300x183.jpg","resumo":"Keno tem mais dois anos de contrato com o Pyramids, do Egito, e a sua contrata\u00e7\u00e3o \u00e9 complicada"},"338163":{"titulo":"BRASILEIR\u00c3O: Botafogo \u00e9 zebra mesmo atuando em casa contra o Palmeiras na 6\u00aa rodada","link":"https:\/\/www.futebolinterior.com.br\/brasileirao-botafogo-e-zebra-mesmo-atuando-em-casa-contra-o-palmeiras-na-6a-rodada\/","chapeu":"OLHA O ODDS!","data":"24\/05\/2019","imagem":"https:\/\/images.futebolinterior.com.br\/2021\/04\/0002050390458_img-300x157.jpg","resumo":"Organizada pela Confedera\u00e7\u00e3o Brasileira de Futebol (CBF), a competi\u00e7\u00e3o tem cobertura completa pelo Portal Futebol Interior"},"338169":{"titulo":"Argentino fica no Rio para aprimorar forma f\u00edsica e desfalca Vasco","link":"https:\/\/www.futebolinterior.com.br\/argentino-fica-no-rio-para-aprimorar-forma-fisica-e-desfalca-vasco\/","chapeu":"DESFALQUE","data":"24\/05\/2019","imagem":"https:\/\/images.futebolinterior.com.br\/2021\/04\/0002050390461_img-300x205.png","resumo":"No Vasco desde 2018, Maxi L\u00f3pez marcou sete gols em 19 jogos pelo clube no ano passado"},"338176":{"titulo":"Pimp\u00e3o fica fora de treino e desfalca Botafogo contra o Palmeiras","link":"https:\/\/www.futebolinterior.com.br\/pimpao-fica-fora-de-treino-e-desfalca-botafogo-contra-o-palmeiras\/","chapeu":"DESFALQUE","data":"24\/05\/2019","imagem":"https:\/\/images.futebolinterior.com.br\/2021\/04\/0002050390460_img-300x225.jpg","resumo":"Jogador \u00e9 o segundo desfalque do setor ofensivo do alvinegro, j\u00e1 que Erick n\u00e3o poder\u00e1 atuar Pimp\u00e3o fica fora de treino e desfalca Botafogo contra o Palmeiras"},"276465":{"titulo":"Elenco do Ava\u00ed convoca torcida para acabar com jejum em casa","link":"https:\/\/www.futebolinterior.com.br\/elenco-do-avai-convoca-torcida-para-acabar-com-jejum-em-casa\/","chapeu":"APOIO","data":"24\/05\/2019","imagem":"https:\/\/images.futebolinterior.com.br\/2020\/11\/0002050390471_img-300x194.jpg","resumo":"A \u00faltima vit\u00f3ria como mandante foi no dia 10 de abril, quando bateu o Tubar\u00e3o, por 2 a 0, pelo Campeonato Catarinense"},"338155":{"titulo":"Pouco aproveitado por Cuca, S\u00e3o Paulo empresta meia pra rival do Brasileir\u00e3o","link":"https:\/\/www.futebolinterior.com.br\/pouco-aproveitado-por-cuca-sao-paulo-empresta-meia-pra-rival-do-brasileirao\/","chapeu":"MUDAN\u00c7A","data":"24\/05\/2019","imagem":"https:\/\/images.futebolinterior.com.br\/2021\/04\/0002050390468_img-300x200.jpg","resumo":"O CSA anunciou nesta sexta-feira a contrata\u00e7\u00e3o do meia atacante Jonathan G\u00f3mez, de 29 anos"}}