{"338077":{"titulo":"Lindoso pede aten\u00e7\u00e3o contra o Santos, mas confia em 1\u00aa vit\u00f3ria do Inter fora","link":"https:\/\/www.futebolinterior.com.br\/lindoso-pede-atencao-contra-o-santos-mas-confia-em-1a-vitoria-do-inter-fora\/","chapeu":"VAMOS L\u00c1","data":"24\/05\/2019","imagem":"https:\/\/images.futebolinterior.com.br\/2021\/04\/0002050390607_img-300x200.jpg","resumo":"Volante citou a \"badala\u00e7\u00e3o\" ao t\u00e9cnico Jorge Sampaoli como motiva\u00e7\u00e3o para o time ga\u00facho vencer "},"338079":{"titulo":"Lateral aposta na rea\u00e7\u00e3o do Cruzeiro diante da Chapecoense: \"Vamos voltar a vencer\"","link":"https:\/\/www.futebolinterior.com.br\/lateral-aposta-na-reacao-do-cruzeiro-diante-da-chapecoense-vamos-voltar-a-vencer\/","chapeu":"SER\u00c1 QUE VAI?","data":"24\/05\/2019","imagem":"https:\/\/images.futebolinterior.com.br\/2021\/04\/0002050390605_img-300x196.jpg","resumo":"A Raposa n\u00e3o sabe o que \u00e9 ganhar h\u00e1 quatro jogos e vive um momento delicado na temporada"},"338085":{"titulo":"Victor Rangel, ex-Ponte, rescinde com o CRB e acerta com time do Brasileir\u00e3o","link":"https:\/\/www.futebolinterior.com.br\/victor-rangel-ex-ponte-rescinde-com-o-crb-e-acerta-com-time-do-brasileirao\/","chapeu":"EITA","data":"24\/05\/2019","imagem":"https:\/\/images.futebolinterior.com.br\/2021\/04\/0002050390592_img-300x225.jpg","resumo":"O Botafogo acertou nesta sexta-feira com o atacante Victor Rangel, ex-Ponte Preta"},"276406":{"titulo":"Ap\u00f3s ser barrado contra Fortaleza, argentino rescinde com o Vasco da Gama","link":"https:\/\/www.futebolinterior.com.br\/apos-ser-barrado-contra-fortaleza-argentino-rescinde-com-o-vasco-da-gama\/","chapeu":"SAIU!","data":"24\/05\/2019","imagem":"https:\/\/images.futebolinterior.com.br\/2020\/11\/0002050390590_img-300x194.jpg","resumo":"O jogador vinha sendo o principal nome da equipe neste in\u00edcio de temporada"},"338098":{"titulo":"Gr\u00eamio x Atl\u00e9tico-MG - Rivais ferrenhos em situa\u00e7\u00f5es opostas","link":"https:\/\/www.futebolinterior.com.br\/gremio-x-atletico-mg-rivais-ferrenhos-em-situacoes-opostas\/","chapeu":"L\u00c1 E C\u00c1","data":"24\/05\/2019","imagem":"https:\/\/images.futebolinterior.com.br\/2021\/04\/0002050390547_img-300x200.jpg","resumo":"Em situa\u00e7\u00f5es completamente opostas no Campeonato Brasileiro, o Gr\u00eamio recebe o Atl\u00e9tico-MG neste s\u00e1bado, \u00e0s 19 horas, na Arena do Gr\u00eamio, em Porto Alegre"},"276418":{"titulo":"Tempo ruim cancela voo para Belo Horizonte e atrapalha Chapecoense","link":"https:\/\/www.futebolinterior.com.br\/tempo-ruim-cancela-voo-para-belo-horizonte-e-atrapalha-chapecoense\/","chapeu":"QUE ZICA","data":"24\/05\/2019","imagem":"https:\/\/images.futebolinterior.com.br\/2020\/11\/0002050390538_img-300x200.jpg","resumo":"Assim, o treinamento que seria realizado na capital mineira na manh\u00e3 deste s\u00e1bado vai acontecer em Chapec\u00f3"},"338102":{"titulo":"Botafogo x Palmeiras - Times em alta e jog\u00e3o no Man\u00e9 Garrincha","link":"https:\/\/www.futebolinterior.com.br\/botafogo-x-palmeiras-times-em-alta-e-jogao-no-mane-garrincha\/","chapeu":"BOLA ROLA","data":"24\/05\/2019","imagem":"https:\/\/images.futebolinterior.com.br\/2021\/04\/0002050390535_img-300x200.jpg","resumo":"L\u00edder e invicto no Campeonato Brasileiro, o Palmeiras tem um confronto decisivo neste s\u00e1bado, pela 6\u00aa rodada"},"338128":{"titulo":"Interino confirma Jair e mant\u00e9m mist\u00e9rio sobre volta de Geuv\u00e2nio ao Atl\u00e9tico-MG","link":"https:\/\/www.futebolinterior.com.br\/interino-confirma-jair-e-mantem-misterio-sobre-volta-de-geuvanio-ao-atletico-mg\/","chapeu":"DEFINIDO","data":"24\/05\/2019","imagem":"https:\/\/images.futebolinterior.com.br\/2021\/04\/0002050390501_img-300x200.jpg","resumo":"\"Ele (Elias) n\u00e3o vai atuar amanh\u00e3, mas a gente j\u00e1 conta com o Jair, que tamb\u00e9m esteve no Chile e est\u00e1 com um pouco de ritmo\", garantiu"},"338124":{"titulo":"De olho na Copa do Brasil, Bahia quer reencontrar caminho da vit\u00f3ria contra Fluminense","link":"https:\/\/www.futebolinterior.com.br\/de-olho-na-copa-do-brasil-bahia-quer-reencontrar-caminho-da-vitoria-contra-fluminense\/","chapeu":"VAI QUE VAI!","data":"24\/05\/2019","imagem":"https:\/\/images.futebolinterior.com.br\/2021\/04\/0002050390497_img-300x174.jpg","resumo":"O time baiano vem de dois trope\u00e7os no Brasileir\u00e3o, mas venceu o S\u00e3o Paulo, nas oitavas da Copa do Brasil, no meio de semana"},"338139":{"titulo":"Everaldo pede estreia pelo Corinthians no cl\u00e1ssico como presente de anivers\u00e1rio","link":"https:\/\/www.futebolinterior.com.br\/everaldo-pede-estreia-pelo-corinthians-no-classico-como-presente-de-aniversario\/","chapeu":"PEDIU PRESENTE","data":"24\/05\/2019","imagem":"https:\/\/images.futebolinterior.com.br\/2021\/04\/0002050390495_img-300x200.jpg","resumo":"\"Quanto mais jogos, melhor para ganhar entrosamento e conhecer os companheiros\", disse o jogador"}}