{"338034":{"titulo":"Fortaleza x Vasco da Gama - Ser\u00e1 a 1\u00aa vit\u00f3ria do \"Pofex\u00f4\"?","link":"https:\/\/www.futebolinterior.com.br\/fortaleza-x-vasco-da-gama-sera-a-1a-vitoria-do-pofexo\/","chapeu":"PARA ALIVIAR","data":"25\/05\/2019","imagem":"https:\/\/images.futebolinterior.com.br\/2021\/04\/0002050390642_img-300x203.jpg","resumo":"O Gigante da Colina foi surpreendido na \u00faltima sexta-feira com o pedido de rescis\u00e3o do argentino Maxi L\u00f3pez"},"276372":{"titulo":"Cruzeiro x Chapecoense - A crise vai explodir para quem?","link":"https:\/\/www.futebolinterior.com.br\/cruzeiro-x-chapecoense-a-crise-vai-explodir-para-quem\/","chapeu":"PRESSIONADOS","data":"25\/05\/2019","imagem":"https:\/\/images.futebolinterior.com.br\/2020\/11\/0002050390641_img-300x200.jpg","resumo":"Os dois times entram em campo amargando um jejum de quatro jogos, mas o momento turbulento na Raposa \u00e9 maior"},"338037":{"titulo":"Flamengo x Athletico-PR - Furac\u00e3o pode devastar a G\u00e1vea!","link":"https:\/\/www.futebolinterior.com.br\/flamengo-x-athletico-pr-furacao-pode-devastar-a-gavea\/","chapeu":"EM EBULI\u00c7\u00c3O","data":"25\/05\/2019","imagem":"https:\/\/images.futebolinterior.com.br\/2021\/04\/0002050390640_img-300x200.jpg","resumo":"O Fla teve uma semana conturbada, com protesto da torcida pedindo a sa\u00edda de dirigentes e do t\u00e9cnico Abel Braga"},"276374":{"titulo":"Santos x Internacional - Confronto direto pelas primeiras coloca\u00e7\u00f5es","link":"https:\/\/www.futebolinterior.com.br\/santos-x-internacional-confronto-direto-pelas-primeiras-colocacoes\/","chapeu":"PROMETE","data":"25\/05\/2019","imagem":"https:\/\/images.futebolinterior.com.br\/2020\/11\/0002050390639_img-300x202.jpg","resumo":"Os dois times est\u00e3o separados por apenas um ponto e prometem um jogo equilibrado na Vila Belmiro"},"338088":{"titulo":"Sem Maxi Lopez, Vasco busca primeira vit\u00f3ria contra Fortaleza","link":"https:\/\/www.futebolinterior.com.br\/sem-maxi-lopez-vasco-busca-primeira-vitoria-contra-fortaleza\/","chapeu":"VAI QUE VAI!","data":"25\/05\/2019","imagem":"https:\/\/images.futebolinterior.com.br\/2021\/04\/0002050390584_img-300x192.jpg","resumo":"O argentino pediu para rescindir contrato com o clube ap\u00f3s ficar fora do jogo contra o Tricolor"},"276395":{"titulo":"Em m\u00e1 fase, Cruzeiro recebe Chapecoense na Arena Independ\u00eancia","link":"https:\/\/www.futebolinterior.com.br\/em-ma-fase-cruzeiro-recebe-chapecoense-na-arena-independencia\/","chapeu":"JOGO DURO","data":"25\/05\/2019","imagem":"https:\/\/images.futebolinterior.com.br\/2020\/11\/0002050390606_img-300x192.jpg","resumo":"A Raposa n\u00e3o vence h\u00e1 quatro jogos e teve uma semana bastante turbulenta"},"276391":{"titulo":"Elenco do CSA admite que objetivo principal \u00e9 seguir na elite","link":"https:\/\/www.futebolinterior.com.br\/elenco-do-csa-admite-que-objetivo-principal-e-seguir-na-elite\/","chapeu":"\u00c9 CLARO","data":"24\/05\/2019","imagem":"https:\/\/images.futebolinterior.com.br\/2020\/11\/0002050390613_img-300x223.jpg","resumo":"O Azul\u00e3o ainda n\u00e3o venceu neste in\u00edcio de Brasileir\u00e3o e na segunda-feira recebe o Goi\u00e1s"},"338071":{"titulo":"Justi\u00e7a anula processo de 2015 e autoriza libera\u00e7\u00e3o completa do CT do Flamengo","link":"https:\/\/www.futebolinterior.com.br\/justica-anula-processo-de-2015-e-autoriza-liberacao-completa-do-ct-do-flamengo\/","chapeu":"DECIS\u00c3O","data":"24\/05\/2019","imagem":"https:\/\/images.futebolinterior.com.br\/2021\/04\/0002050390612_img-300x169.jpg","resumo":"Clube aguardava apenas a oficializa\u00e7\u00e3o da senten\u00e7a, o que ocorreu nesta sexta-feira, tr\u00eas dias depois de ter articulado acordo"},"338073":{"titulo":"Treinador do S\u00e3o Paulo mira lideran\u00e7a do Brasileir\u00e3o sobre o Corinthians","link":"https:\/\/www.futebolinterior.com.br\/treinador-do-sao-paulo-mira-lideranca-do-brasileirao-sobre-o-corinthians\/","chapeu":"ANIMADO","data":"24\/05\/2019","imagem":"https:\/\/images.futebolinterior.com.br\/2021\/04\/0002050390611_img-300x184.jpg","resumo":"Cuca tamb\u00e9m comentou o tabu tricolor de nunca ter vencido o rival na Arena Corinthians"},"338075":{"titulo":"Manoel volta a treinar e refor\u00e7ar\u00e1 Corinthians no cl\u00e1ssico de domingo","link":"https:\/\/www.futebolinterior.com.br\/manoel-volta-a-treinar-e-reforcara-corinthians-no-classico-de-domingo\/","chapeu":"DE VOLTA","data":"24\/05\/2019","imagem":"https:\/\/images.futebolinterior.com.br\/2021\/04\/0002050390610_img-300x168.jpg","resumo":"O zagueiro foi substitu\u00eddo por Marllon na partida da \u00faltima quinta-feira, pela Copa Sul-Americana"}}