{"338009":{"titulo":"Bahia x Fluminense - Tricolores se enfrentam na Fonte Nova em busca da 3\u00aa vit\u00f3ria","link":"https:\/\/www.futebolinterior.com.br\/bahia-x-fluminense-tricolores-se-enfrentam-na-fonte-nova-em-busca-da-3a-vitoria\/","chapeu":"PARA EMBALAR","data":"25\/05\/2019","imagem":"https:\/\/images.futebolinterior.com.br\/2021\/04\/0002050390685_img-300x200.jpg","resumo":"Os times tamb\u00e9m precisam pensar nas outras competi\u00e7\u00f5es que disputam, o que deve impactar nas escala\u00e7\u00f5es"},"338005":{"titulo":"Santos confirma chegada de atacante e ida de zagueiro para o Gr\u00eamio","link":"https:\/\/www.futebolinterior.com.br\/santos-confirma-chegada-de-atacante-e-ida-de-zagueiro-para-o-gremio\/","chapeu":"A\u00cd SIM!","data":"25\/05\/2019","imagem":"https:\/\/images.futebolinterior.com.br\/2021\/04\/0002050390686_img-300x203.jpg","resumo":"Marinho vinha sendo pouco aproveitado no Imortal e assinou com o Peixe at\u00e9 dezembro de 2022"},"276361":{"titulo":"Fluminense anuncia contrata\u00e7\u00e3o de Brenner, atacante do S\u00e3o Paulo","link":"https:\/\/www.futebolinterior.com.br\/fluminense-anuncia-contratacao-de-brenner-atacante-do-sao-paulo\/","chapeu":"NOVIDADE","data":"25\/05\/2019","imagem":"https:\/\/images.futebolinterior.com.br\/2020\/11\/0002050390684_img-300x188.jpg","resumo":"Jogador assinou contrato de empr\u00e9stimo at\u00e9 o final do ano"},"276368":{"titulo":"Treinador pede refor\u00e7os de peso no Goi\u00e1s: \"N\u00e3o \u00e9 hora de aposta\"","link":"https:\/\/www.futebolinterior.com.br\/treinador-pede-reforcos-de-peso-no-goias-nao-e-hora-de-aposta\/","chapeu":"EXIGENTE","data":"25\/05\/2019","imagem":"https:\/\/images.futebolinterior.com.br\/2020\/11\/0002050390668_img-300x200.jpg","resumo":"Claudinei Oliveira elogiou os jogadores do atual elenco, mas espera mais duas contrata\u00e7\u00f5es"},"338015":{"titulo":"Robinho aponta semana livre de treinos como essencial para rea\u00e7\u00e3o do Cruzeiro","link":"https:\/\/www.futebolinterior.com.br\/robinho-aponta-semana-livre-de-treinos-como-essencial-para-reacao-do-cruzeiro\/","chapeu":"IMPORTANTE","data":"25\/05\/2019","imagem":"https:\/\/images.futebolinterior.com.br\/2021\/04\/0002050390667_img-300x184.jpg","resumo":"\"Fazia tempo que n\u00e3o t\u00ednhamos uma semana cheia de treinamentos. Isso estava dificultando os trabalhos\", disse"},"276370":{"titulo":"Corinthians x S\u00e3o Paulo - A freguesia vai continuar em Itaquera?","link":"https:\/\/www.futebolinterior.com.br\/corinthians-x-sao-paulo-a-freguesia-vai-continuar-em-itaquera\/","chapeu":"QUE CL\u00c1SSICO","data":"25\/05\/2019","imagem":"https:\/\/images.futebolinterior.com.br\/2020\/11\/0002050390654_img-300x169.jpg","resumo":"O Tricolor volta ao est\u00e1dio onde nunca venceu para tentar se manter entre os primeiros do Brasileir\u00e3o"},"338043":{"titulo":"Atl\u00e9tico-MG visita o Gr\u00eamio e persegue 3\u00aa vit\u00f3ria como visitante no Brasileir\u00e3o","link":"https:\/\/www.futebolinterior.com.br\/atletico-mg-visita-o-gremio-e-persegue-3a-vitoria-como-visitante-no-brasileirao\/","chapeu":"BOA FASE","data":"25\/05\/2019","imagem":"https:\/\/images.futebolinterior.com.br\/2021\/04\/0002050390651_img-300x200.jpg","resumo":"O time mineiro, vice-l\u00edder com 12 pontos, al\u00e9m de ampliar seu bom retrospecto jogando longe de Belo Horizonte, tamb\u00e9m tentar\u00e1 vencer para retomar a lideran\u00e7a"},"338041":{"titulo":"Com dificuldade em desvantagem, Santos s\u00f3 conseguiu 2 viradas em 10 jogos no ano","link":"https:\/\/www.futebolinterior.com.br\/com-dificuldade-em-desvantagem-santos-so-conseguiu-2-viradas-em-10-jogos-no-ano\/","chapeu":"DIF\u00cdCIL","data":"25\/05\/2019","imagem":"https:\/\/images.futebolinterior.com.br\/2021\/04\/0002050390650_img-300x200.jpg","resumo":"\"Em vez de controlar o jogo, fomos muito decididos a atacar com mais gente que o normal\", disse Sampaoli"},"338045":{"titulo":"Em reencontro de Tardelli com Atl\u00e9tico-MG, Gr\u00eamio busca 1\u00aa vit\u00f3ria no Brasileir\u00e3o","link":"https:\/\/www.futebolinterior.com.br\/em-reencontro-de-tardelli-com-atletico-mg-gremio-busca-1a-vitoria-no-brasileirao\/","chapeu":"VEM LEI DO EX?","data":"25\/05\/2019","imagem":"https:\/\/images.futebolinterior.com.br\/2021\/04\/0002050390648_img-300x169.jpg","resumo":"O atacante marcou \u00e9poca com a camisa do Galo e conquistou a Libertadores ao lado de Ronaldinho Ga\u00facho"},"338039":{"titulo":"Com titulares de volta, Palmeiras encara Botafogo para manter lideran\u00e7a","link":"https:\/\/www.futebolinterior.com.br\/com-titulares-de-volta-palmeiras-encara-botafogo-para-manter-lideranca\/","chapeu":"NO TOPO","data":"25\/05\/2019","imagem":"https:\/\/images.futebolinterior.com.br\/2021\/04\/0002050390649_img-300x185.jpg","resumo":"O primeiro colocado, com 13 pontos na tabela, espera fechar o fim de semana com uma dist\u00e2ncia maior para os perseguidores "}}