{"337926":{"titulo":"Gr\u00eamio 1 x 0 Atl\u00e9tico-MG - Tricolor vence a 1\u00aa e respira no Brasileir\u00e3o","link":"https:\/\/www.futebolinterior.com.br\/gremio-1-x-0-atletico-mg-tricolor-vence-a-1a-e-respira-no-brasileirao\/","chapeu":"AL\u00cdVIO","data":"25\/05\/2019","imagem":0,"resumo":"Gol da partida foi anotado pelo centroavante Felipe Vizeu"},"337928":{"titulo":"Ap\u00f3s derrota, zagueiro do Atl\u00e9tico-MG afirma que 'gol no inicio prejudicou a equipe'","link":"https:\/\/www.futebolinterior.com.br\/apos-derrota-zagueiro-do-atletico-mg-afirma-que-gol-no-inicio-prejudicou-a-equipe\/","chapeu":"PUTZ","data":"25\/05\/2019","imagem":"https:\/\/images.futebolinterior.com.br\/2021\/04\/0002050390808_img-300x202.png","resumo":"De qualquer forma, apesar da derrota, o time de Leonardo Silva segue na parte de cima da tabela em segundo com 12 pontos "},"337935":{"titulo":"BRASILEIR\u00c3O: VAR decide de novo e Palmeiras se isola na lideran\u00e7a","link":"https:\/\/www.futebolinterior.com.br\/brasileirao-var-decide-de-novo-e-palmeiras-se-isola-na-lideranca\/","chapeu":"VOANDO","data":"25\/05\/2019","imagem":"https:\/\/images.futebolinterior.com.br\/2021\/04\/0002050390801_img-300x148.jpg","resumo":"O Palmeiras est\u00e1 imbat\u00edvel no Campeonato Brasileiro"},"337942":{"titulo":"Ap\u00f3s sa\u00edda \"amig\u00e1vel\" do Vasco, argentino diz que sua \"verdade ser\u00e1 explicada\"","link":"https:\/\/www.futebolinterior.com.br\/apos-saida-amigavel-do-vasco-argentino-diz-que-sua-verdade-sera-explicada\/","chapeu":"A\u00cd TEM","data":"25\/05\/2019","imagem":"https:\/\/images.futebolinterior.com.br\/2021\/04\/0002050390791_img-300x198.jpg","resumo":"Maxi L\u00f3pez surpreendeu a todos na \u00faltima sexta-feira ao pedir a rescis\u00e3o contratual"},"337956":{"titulo":"Treinador recha\u00e7a favoritismo do Palmeiras no Brasileir\u00e3o","link":"https:\/\/www.futebolinterior.com.br\/treinador-rechaca-favoritismo-do-palmeiras-no-brasileirao\/","chapeu":"HUMILDADE","data":"25\/05\/2019","imagem":"https:\/\/images.futebolinterior.com.br\/2021\/04\/0002050390774_img-300x190.jpg","resumo":"Felip\u00e3o tamb\u00e9m elogiou o Botafogo, que foi a v\u00edtima do Verd\u00e3o neste s\u00e1bado em Bras\u00edlia"},"337958":{"titulo":"Ex-Sele\u00e7\u00e3o, Roni \u00e9 preso durante jogo do Brasileir\u00e3o por suposta fraude financeira","link":"https:\/\/www.futebolinterior.com.br\/ex-selecao-roni-e-preso-durante-jogo-do-brasileirao-por-suposta-fraude-financeira\/","chapeu":"QUE FASE","data":"25\/05\/2019","imagem":"https:\/\/images.futebolinterior.com.br\/2021\/04\/0002050390767_img-300x225.jpg","resumo":"O ex-atacante \u00e9 acusado de informar um n\u00famero menor de torcedores para pagar menos impostos"},"337991":{"titulo":"Com presen\u00e7a de Cafu, S\u00e3o Paulo encerra prepara\u00e7\u00e3o para cl\u00e1ssico com Corinthians","link":"https:\/\/www.futebolinterior.com.br\/com-presenca-de-cafu-sao-paulo-encerra-preparacao-para-classico-com-corinthians\/","chapeu":"AGORA VAI?","data":"25\/05\/2019","imagem":"https:\/\/images.futebolinterior.com.br\/2021\/04\/0002050390710_img-300x188.jpg","resumo":"Jogo contra rival marca reencontro em Pato e Corinthians"},"337970":{"titulo":"Gabriel admite toque em Deyverson, mas reclama de p\u00eanalti marcado pelo VAR","link":"https:\/\/www.futebolinterior.com.br\/gabriel-admite-toque-em-deyverson-mas-reclama-de-penalti-marcado-pelo-var\/","chapeu":"XIII","data":"25\/05\/2019","imagem":"https:\/\/images.futebolinterior.com.br\/2021\/04\/0002050390751_img-300x200.jpg","resumo":"Jogador ainda foi um dos dez amarelados no duelo deste s\u00e1bado no Man\u00e9 Garrincha"},"337980":{"titulo":"Botafogo 0 x 1 Palmeiras - L\u00edder, invicto e...beneficiado?","link":"https:\/\/www.futebolinterior.com.br\/botafogo-0-x-1-palmeiras-lider-invicto-e-beneficiado\/","chapeu":"QUEM SEGURA?","data":"25\/05\/2019","imagem":0,"resumo":"Verd\u00e3o ganhou com p\u00eanalti marcado de forma pol\u00eamica pelo VAR"},"338003":{"titulo":"Ex-S\u00e3o Paulo d\u00e1 dicas para Internacional vencer o Santos na Vila","link":"https:\/\/www.futebolinterior.com.br\/ex-sao-paulo-da-dicas-para-internacional-vencer-o-santos-na-vila\/","chapeu":"ATEN\u00c7\u00c3O","data":"25\/05\/2019","imagem":"https:\/\/images.futebolinterior.com.br\/2021\/04\/0002050390702_img-300x190.jpg","resumo":"O lateral Bruno deve ser titular neste domingo, j\u00e1 que Zeca est\u00e1 suspenso"}}