{"276347":{"titulo":"Ainda sem vencer, CSA aposta no fator casa para desencantar contra Goi\u00e1s","link":"https:\/\/www.futebolinterior.com.br\/ainda-sem-vencer-csa-aposta-no-fator-casa-para-desencantar-contra-goias\/","chapeu":"VAI QUE VAI!","data":"26\/05\/2019","imagem":"https:\/\/images.futebolinterior.com.br\/2020\/11\/0002050390882_img-300x200.jpg","resumo":"O time alagoano empatou com Palmeiras e Santos, mas ainda n\u00e3o venceu no torneio"},"337885":{"titulo":"Rodrigo Santana confirma Atl\u00e9tico-MG com 'time completo' na Sul-Americana","link":"https:\/\/www.futebolinterior.com.br\/rodrigo-santana-confirma-atletico-mg-com-time-completo-na-sul-americana\/","chapeu":"VAI COM TUDO!","data":"26\/05\/2019","imagem":"https:\/\/images.futebolinterior.com.br\/2021\/04\/0002050390880_img-300x200.jpg","resumo":"A equipe mineira foi derrotada no primeiro duelo no Chile por 1 a 0"},"337903":{"titulo":"Embalado por goleadas, Fluminense visita o Bahia para consolidar bom momento","link":"https:\/\/www.futebolinterior.com.br\/embalado-por-goleadas-fluminense-visita-o-bahia-para-consolidar-bom-momento\/","chapeu":"MANTER O RITMO","data":"26\/05\/2019","imagem":"https:\/\/images.futebolinterior.com.br\/2021\/04\/0002050390878_img-300x169.jpg","resumo":"A aposta para engatar a terceira vit\u00f3ria seguida e melhorar seu rendimento no torneio nacional \u00e9 o jovem Jo\u00e3o Pedro. "},"337900":{"titulo":"S\u00e3o Paulo e Corinthians fazem cl\u00e1ssico em reencontro de Pato com a Fiel","link":"https:\/\/www.futebolinterior.com.br\/sao-paulo-e-corinthians-fazem-classico-em-reencontro-de-pato-com-a-fiel\/","chapeu":"CHEGOU A HORA!","data":"26\/05\/2019","imagem":"https:\/\/images.futebolinterior.com.br\/2021\/04\/0002050390876_img-300x200.jpg","resumo":"O atacante teve uma sa\u00edda nada amistosa do Corinthians em 2014, quando foi emprestado ao Tricolor"},"337907":{"titulo":"Flamengo tenta vencer Athletico-PR para dar resposta a cr\u00edticas e protestos","link":"https:\/\/www.futebolinterior.com.br\/flamengo-tenta-vencer-athletico-pr-para-dar-resposta-a-criticas-e-protestos\/","chapeu":"PRESSIONADO","data":"26\/05\/2019","imagem":"https:\/\/images.futebolinterior.com.br\/2021\/04\/0002050390875_img-300x200.jpg","resumo":"A torcida est\u00e1 insatisfeita com os resultados, o desempenho em campo e, tamb\u00e9m, a postura da diretoria"},"337905":{"titulo":"Forte em casa, Inter enfrenta o Santos em busca da 1\u00aa vit\u00f3ria como visitante","link":"https:\/\/www.futebolinterior.com.br\/forte-em-casa-inter-enfrenta-o-santos-em-busca-da-1a-vitoria-como-visitante\/","chapeu":"DESAFIO","data":"26\/05\/2019","imagem":"https:\/\/images.futebolinterior.com.br\/2021\/04\/0002050390871_img-300x186.jpg","resumo":"A grande aposta para o time ga\u00facho ganhar for\u00e7a fora de casa \u00e9 a faceta matadora do centroavante Paolo Guerrero"},"337888":{"titulo":"Ap\u00f3s rev\u00e9s, Barroca fala em 'virar a chave' no Botafogo e mira Sul-Americana","link":"https:\/\/www.futebolinterior.com.br\/apos-reves-barroca-fala-em-virar-a-chave-no-botafogo-e-mira-sul-americana\/","chapeu":"FOCO!","data":"26\/05\/2019","imagem":"https:\/\/images.futebolinterior.com.br\/2021\/04\/0002050390870_img-300x200.jpg","resumo":"Na noite deste s\u00e1bado, o clube carioca acabou perdendo para o Palmeiras por 1 a 0"},"337895":{"titulo":"Felip\u00e3o evita falar sobre contrata\u00e7\u00f5es do Palmeiras ap\u00f3s perder Ricardo Goulart","link":"https:\/\/www.futebolinterior.com.br\/felipao-evita-falar-sobre-contratacoes-do-palmeiras-apos-perder-ricardo-goulart\/","chapeu":"CALMA, CALMA!","data":"26\/05\/2019","imagem":"https:\/\/images.futebolinterior.com.br\/2021\/04\/0002050390868_img-300x195.jpg","resumo":"O treinador tamb\u00e9m festou a vit\u00f3ria, por 1 a 0, para cima do Botafogo"},"337891":{"titulo":"Ap\u00f3s triunfo em casa, Renato Ga\u00facho diz que Gr\u00eamio 'nem come\u00e7ou a decolar'","link":"https:\/\/www.futebolinterior.com.br\/apos-triunfo-em-casa-renato-gaucho-diz-que-gremio-nem-comecou-a-decolar\/","chapeu":"HUMILDE!","data":"26\/05\/2019","imagem":"https:\/\/images.futebolinterior.com.br\/2021\/04\/0002050390867_img-300x200.jpg","resumo":"Na noite deste s\u00e1bado, o Tricolor passou pelo Atl\u00e9tico-MG com gol de Felipe Vizeu"},"337909":{"titulo":"Na prov\u00e1vel despedida de Rodrygo, Santos aposta na Vila para se reabilitar","link":"https:\/\/www.futebolinterior.com.br\/na-provavel-despedida-de-rodrygo-santos-aposta-na-vila-para-se-reabilitar\/","chapeu":"EM CASA","data":"26\/05\/2019","imagem":"https:\/\/images.futebolinterior.com.br\/2021\/04\/0002050390864_img-300x200.jpg","resumo":"O time de Jorge Sampaoli, apesar do rev\u00e9s do\u00eddo no cl\u00e1ssico, tem bons n\u00fameros no in\u00edcio do Brasileir\u00e3o"}}