{"337564":{"titulo":"'Somos eficientes, n\u00e3o h\u00e1 raz\u00e3o para mudar', diz Diogo Barbosa no Palmeiras","link":"https:\/\/www.futebolinterior.com.br\/somos-eficientes-nao-ha-razao-para-mudar-diz-diogo-barbosa-no-palmeiras\/","chapeu":"DE BOA","data":"28\/05\/2019","imagem":"https:\/\/images.futebolinterior.com.br\/2021\/04\/0002050391349_img-300x185.jpg","resumo":"Diogo Barbosa revela que um dos segredos da solidez defensiva do Palmeiras, que sofreu apenas um gol em seis jogos no Brasileir\u00e3o, \u00e9 a atua\u00e7\u00e3o dos laterais"},"337558":{"titulo":"Sem Vital e Pedrinho, Carille procura op\u00e7\u00f5es para o lado direito do ataque","link":"https:\/\/www.futebolinterior.com.br\/sem-vital-e-pedrinho-carille-procura-opcoes-para-o-lado-direito-do-ataque\/","chapeu":"BUSCANDO","data":"28\/05\/2019","imagem":"https:\/\/images.futebolinterior.com.br\/2021\/04\/0002050391347_img-300x200.jpg","resumo":"O Corinthians perdeu de uma vez s\u00f3 dois jogadores que davam velocidade e criatividade ao ataque, o setor mais fr\u00e1gil do atual elenco"},"337561":{"titulo":"Santos desiste de mandar cl\u00e1ssico no Pacaembu e enfrentar\u00e1 o Corinthians na Vila","link":"https:\/\/www.futebolinterior.com.br\/santos-desiste-de-mandar-classico-no-pacaembu-e-enfrentara-o-corinthians-na-vila\/","chapeu":"OUTROS PLANOS","data":"28\/05\/2019","imagem":"https:\/\/images.futebolinterior.com.br\/2021\/04\/0002050391345_img-300x193.jpg","resumo":"Em mudan\u00e7a confirmada na noite da \u00faltima segunda-feira, a CBF informou que o Santos n\u00e3o mandar\u00e1 mais no est\u00e1dio do Pacaembu o cl\u00e1ssico do pr\u00f3ximo dia 12 de junho"},"276242":{"titulo":"Depois de 11 anos, ex-presidente volta ao quadro associativo do Corinthians","link":"https:\/\/www.futebolinterior.com.br\/depois-de-11-anos-ex-presidente-volta-ao-quadro-associativo-do-corinthians\/","chapeu":"EXCLUSIVO","data":"27\/05\/2019","imagem":"https:\/\/images.futebolinterior.com.br\/2020\/11\/0002050391320_img.jpg","resumo":"\u00c0s v\u00e9speras de completar 100 anos, cartola volta ao quadro associativo recomendado pelo poderoso CORI"},"337669":{"titulo":"Sele\u00e7\u00e3o FI do Brasileir\u00e3o com lateral da sele\u00e7\u00e3o e jogadores 'construtores'","link":"https:\/\/www.futebolinterior.com.br\/selecao-fi-do-brasileirao-com-lateral-da-selecao-e-jogadores-construtores\/","chapeu":"QUE TIME!","data":"27\/05\/2019","imagem":"https:\/\/images.futebolinterior.com.br\/2021\/04\/0002050391289_img-300x178.jpg","resumo":"O t\u00e9ncico escolhido para comandar a equipe foi Ney Franco, da Chapecoense"},"337594":{"titulo":"Em nota, Fluminense repudia a expuls\u00e3o de Fernando Diniz diante do Bahia","link":"https:\/\/www.futebolinterior.com.br\/em-nota-fluminense-repudia-a-expulsao-de-fernando-diniz-diante-do-bahia\/","chapeu":"VISH","data":"27\/05\/2019","imagem":"https:\/\/images.futebolinterior.com.br\/2021\/04\/0002050391275_img-300x169.jpg","resumo":"O treinador entrou no campo da Arena Fonte Nova para reclamar com o \u00e1rbitro Igor Junio Benevenuto"},"337591":{"titulo":"Maxi L\u00f3pez oficializa rescis\u00e3o com Vasco e entra na Justi\u00e7a para receber sal\u00e1rios","link":"https:\/\/www.futebolinterior.com.br\/maxi-lopez-oficializa-rescisao-com-vasco-e-entra-na-justica-para-receber-salarios\/","chapeu":"XI...","data":"27\/05\/2019","imagem":"https:\/\/images.futebolinterior.com.br\/2021\/04\/0002050391274_img-300x192.jpg","resumo":"O jogador deixou o clube logo ap\u00f3s a contrata\u00e7\u00e3o do t\u00e9cnico Vanderlei Luxemburgo"},"337599":{"titulo":"CSA 1 x 0 Goi\u00e1s - Azul\u00e3o desencanta em noite especial para arbitragem","link":"https:\/\/www.futebolinterior.com.br\/csa-1-x-0-goias-azulao-desencanta-em-noite-especial-para-arbitragem\/","chapeu":"UFA!","data":"27\/05\/2019","imagem":"https:\/\/images.futebolinterior.com.br\/2021\/04\/0002050391267_img-300x174.jpg","resumo":"O time alagoano venceu a primeira no Brasileir\u00e3o, mas ainda n\u00e3o deixou a zona de rebaixamento"},"337589":{"titulo":"Edina Alves encerra tabu no Brasileir\u00e3o, anula gol do CSA e d\u00e1 quatro amarelos","link":"https:\/\/www.futebolinterior.com.br\/edina-alves-encerra-tabu-no-brasileirao-anula-gol-do-csa-e-da-quatro-amarelos\/","chapeu":"ELAS VOLTARAM!","data":"27\/05\/2019","imagem":"https:\/\/images.futebolinterior.com.br\/2021\/04\/0002050391272_img-300x150.jpg","resumo":"rasileir\u00e3o n\u00e3o tinha uma \u00e1rbitra desde 2005, quando o Paysandu venceu o Fortaleza com S\u00edlvia Regina no apito"},"337602":{"titulo":"Ava\u00ed 1 x 2 Cear\u00e1 - Voz\u00e3o desencanta no segundo tempo e vence de virada","link":"https:\/\/www.futebolinterior.com.br\/avai-1-x-2-ceara-vozao-desencanta-no-segundo-tempo-e-vence-de-virada\/","chapeu":"MOVIMENTADO","data":"27\/05\/2019","imagem":0,"resumo":"Com o resultado, o time cearense chega aos nove pontos e assume a nona posi\u00e7\u00e3o, ficando bem perto do G6"}}