{"337472":{"titulo":"Suplentes que assumiriam vagas no Conselho Fiscal do Cruzeiro tamb\u00e9m renunciam","link":"https:\/\/www.futebolinterior.com.br\/suplentes-que-assumiriam-vagas-no-conselho-fiscal-do-cruzeiro-tambem-renunciam\/","chapeu":"RESTA UM","data":"28\/05\/2019","imagem":"https:\/\/images.futebolinterior.com.br\/2021\/04\/0002050391413_img-300x209.jpg","resumo":"Valter Batista e Daniel Farias seriam os substitutos de Geraldo Luiz Brinat, Ubirajara Pires Gl\u00f3ria e Celso Luiz Chimbida"},"337488":{"titulo":"Ren\u00ea elogia Abel e refor\u00e7a apoio de grupo do Fla ao t\u00e9cnico: 'Tudo vai dar certo'","link":"https:\/\/www.futebolinterior.com.br\/rene-elogia-abel-e-reforca-apoio-de-grupo-do-fla-ao-tecnico-tudo-vai-dar-certo\/","chapeu":"TAMO JUNTO","data":"28\/05\/2019","imagem":"https:\/\/images.futebolinterior.com.br\/2021\/04\/0002050391407_img-300x203.jpg","resumo":"Treinador tem sido muito questionado n\u00e3o s\u00f3 em raz\u00e3o de alguns resultados ruins, mas tamb\u00e9m pela performance abaixo do esperado"},"337480":{"titulo":"Ant\u00f4nio Carlos defende estilo de jogo do Palmeiras: '1 a 0 \u00e9 goleada'","link":"https:\/\/www.futebolinterior.com.br\/antonio-carlos-defende-estilo-de-jogo-do-palmeiras-1-a-0-e-goleada\/","chapeu":"DE BOM TAMANHO","data":"28\/05\/2019","imagem":"https:\/\/images.futebolinterior.com.br\/2021\/04\/0002050391408_img-300x187.jpg","resumo":"O zagueiro repercutiu na entrevista a declara\u00e7\u00e3o dada pelo volante Felipe Melo na \u00faltima segunda-feira"},"337478":{"titulo":"Chapecoense demonstra interesse em goleiro titular na S\u00e9rie B","link":"https:\/\/www.futebolinterior.com.br\/chapecoense-demonstra-interesse-em-goleiro-titular-na-serie-b\/","chapeu":"DE OLHO","data":"28\/05\/2019","imagem":"https:\/\/images.futebolinterior.com.br\/2021\/04\/0002050391405_img-236x300.png","resumo":"A Chapecoense est\u00e1 interessada no goleiro Edson Mardden, titular do CRB na S\u00e9rie B do Campeonato Brasileiro"},"337508":{"titulo":"Geninho critica falta de efetividade no Ava\u00ed, mas elogia atua\u00e7\u00e3o do time","link":"https:\/\/www.futebolinterior.com.br\/geninho-critica-falta-de-efetividade-no-avai-mas-elogia-atuacao-do-time\/","chapeu":"MAIS OU MENOS","data":"28\/05\/2019","imagem":"https:\/\/images.futebolinterior.com.br\/2021\/04\/0002050391388_img-300x169.jpg","resumo":"Geninho saiu de campo novamente insatisfeito com a derrota por 2 a 1 para o Cear\u00e1 na Ressacada"},"337515":{"titulo":"Procurador do STJD prega cautela com pedido do Botafogo para anular jogo","link":"https:\/\/www.futebolinterior.com.br\/procurador-do-stjd-prega-cautela-com-pedido-do-botafogo-para-anular-jogo\/","chapeu":"DE BOA","data":"28\/05\/2019","imagem":"https:\/\/images.futebolinterior.com.br\/2021\/04\/0002050391382_img-300x200.jpg","resumo":"O procurador-geral do Superior Tribunal de Justi\u00e7a Desportiva (STJD), Felipe Bevilacqua, afirmou nesta ter\u00e7a-feira que o pedido entregue pelo Botafogo para anular o jogo "},"337512":{"titulo":"Procon aponta venda irregular de ingressos e multa Corinthians em R$ 97 mil","link":"https:\/\/www.futebolinterior.com.br\/procon-aponta-venda-irregular-de-ingressos-e-multa-corinthians-em-r-97-mil\/","chapeu":"ERRADO","data":"28\/05\/2019","imagem":"https:\/\/images.futebolinterior.com.br\/2021\/04\/0002050391379_img-300x200.jpg","resumo":"O Corinthians ser\u00e1 multado em R$ 97 mil por cobrar taxa administrativa no ingresso e n\u00e3o disponibilizar a venda de meia-entrada em seu site"},"337537":{"titulo":"CBF adia jogo contra o Goi\u00e1s e Corinthians ganha 'folga' no fim de semana","link":"https:\/\/www.futebolinterior.com.br\/cbf-adia-jogo-contra-o-goias-e-corinthians-ganha-folga-no-fim-de-semana\/","chapeu":"UFA","data":"28\/05\/2019","imagem":"https:\/\/images.futebolinterior.com.br\/2021\/04\/0002050391378_img-300x200.jpg","resumo":"A delega\u00e7\u00e3o corintiana voltar\u00e1 da Venezuela na sexta-feira e iniciar\u00e1 o per\u00edodo de treinos para enfrentar o Flamengo no s\u00e1bado"},"337535":{"titulo":"Corinthians se aproxima de acerto com zagueiro campe\u00e3o brasileiro de 2015","link":"https:\/\/www.futebolinterior.com.br\/corinthians-se-aproxima-de-acerto-com-zagueiro-campeao-brasileiro-de-2015\/","chapeu":"\u00c9 DO TIM\u00c3O?","data":"28\/05\/2019","imagem":"https:\/\/images.futebolinterior.com.br\/2021\/04\/0002050391367_img-300x197.jpg","resumo":"Gil tamb\u00e9m conquistou Paulist\u00e3o de 2013 e Recopa Sul-Americana de 2013 com o clube do Parque S\u00e3o Jorge"},"337533":{"titulo":"Atl\u00e9tico-MG negocia com lateral-esquerdo do Pe\u00f1arol-URU","link":"https:\/\/www.futebolinterior.com.br\/atletico-mg-negocia-com-lateral-esquerdo-do-penarol-uru\/","chapeu":"CHEGANDO","data":"28\/05\/2019","imagem":"https:\/\/images.futebolinterior.com.br\/2021\/04\/0002050391364_img-300x199.jpg","resumo":"Trata-se de Lucas Fernandez, de 26 anos, que est\u00e1 atuando no time uruguaio desde 2017"}}