{"337596":{"titulo":"S\u00c9RIE A: CSA e Cear\u00e1 vencem em casa, mas Edina Alves fica como a estrela da noite","link":"https:\/\/www.futebolinterior.com.br\/serie-a-csa-e-ceara-vencem-em-casa-mas-edina-alves-fica-como-a-estrela-da-noite\/","chapeu":"ESTREIA DELA!","data":"27\/05\/2019","imagem":"https:\/\/images.futebolinterior.com.br\/2021\/04\/0002050391265_img-300x201.jpg","resumo":"\u00c1rbitra da FIFA apitou seu primeiro jogo pela S\u00e9rie A do Brasileir\u00e3o e encerrou jejum de 14 anos"},"337606":{"titulo":"Botafogo oficializa pedido ao STJD de anula\u00e7\u00e3o do jogo com o Palmeiras","link":"https:\/\/www.futebolinterior.com.br\/botafogo-oficializa-pedido-ao-stjd-de-anulacao-do-jogo-com-o-palmeiras\/","chapeu":"NO TRIBUNAL!","data":"27\/05\/2019","imagem":"https:\/\/images.futebolinterior.com.br\/2021\/04\/0002050391259_img-300x189.jpg","resumo":"O clube carioca n\u00e3o questiona o p\u00eanalti dado com aux\u00edlio do \u00e1rbitro de v\u00eddeo"},"337615":{"titulo":"Cruzeiro se defende de acusa\u00e7\u00f5es de irregularidades: 'Clube jamais vai falir'","link":"https:\/\/www.futebolinterior.com.br\/cruzeiro-se-defende-de-acusacoes-de-irregularidades-clube-jamais-vai-falir\/","chapeu":"EXPLICA\u00c7\u00d5ES","data":"27\/05\/2019","imagem":"https:\/\/images.futebolinterior.com.br\/2021\/04\/0002050391246_img-300x169.jpg","resumo":"Presidente Wagner Pires de S\u00e1 e o vice-presidente de futebol, Itair Machado, falaram com a imprensa por cerca de uma hora "},"337617":{"titulo":"Ap\u00f3s vit\u00f3ria no s\u00e1bado, Paulo Victor v\u00ea Gr\u00eamio confiante para duelo na Copa do Brasil","link":"https:\/\/www.futebolinterior.com.br\/apos-vitoria-no-sabado-paulo-victor-ve-gremio-confiante-para-duelo-na-copa-do-brasil\/","chapeu":"COM TUDO","data":"27\/05\/2019","imagem":"https:\/\/images.futebolinterior.com.br\/2021\/04\/0002050391243_img-300x200.jpg","resumo":"O goleiro aproveitou para destacar a atua\u00e7\u00e3o do jovem zagueiro Rodrigues, de 21 anos, diante do Atl\u00e9tico-MG"},"337619":{"titulo":"Artilheiro na Sul-Americana, Erik quer mais gols para classificar o Botafogo","link":"https:\/\/www.futebolinterior.com.br\/artilheiro-na-sul-americana-erik-quer-mais-gols-para-classificar-o-botafogo\/","chapeu":"VAI PRA CIMA!","data":"27\/05\/2019","imagem":"https:\/\/images.futebolinterior.com.br\/2021\/04\/0002050391240_img-300x218.jpg","resumo":"O jogador n\u00e3o p\u00f4de escapar da pol\u00eamica da tentativa do Botafogo de anular a partida contra o Palmeiras"},"337624":{"titulo":"Luan treina e deve refor\u00e7ar o S\u00e3o Paulo contra o Bahia; Nen\u00ea sofre pancada","link":"https:\/\/www.futebolinterior.com.br\/luan-treina-e-deve-reforcar-o-sao-paulo-contra-o-bahia-nene-sofre-pancada\/","chapeu":"VOLTARAM","data":"27\/05\/2019","imagem":"https:\/\/images.futebolinterior.com.br\/2021\/04\/0002050391237_img-300x200.jpg","resumo":"Luan treinou normalmente com bola com os reservas, j\u00e1 que os titulares do cl\u00e1ssico realizaram trabalhos na academia "},"337634":{"titulo":"S\u00e3o Paulo explica viagem de Ra\u00ed \u00e0 Fran\u00e7a e aus\u00eancia em cl\u00e1ssico no domingo","link":"https:\/\/www.futebolinterior.com.br\/sao-paulo-explica-viagem-de-rai-a-franca-e-ausencia-em-classico-no-domingo\/","chapeu":"PONTOS NOS IS!","data":"27\/05\/2019","imagem":"https:\/\/images.futebolinterior.com.br\/2021\/04\/0002050391222_img-300x193.jpg","resumo":"O dirigente retornar\u00e1 na ter\u00e7a e se juntar\u00e1 \u00e0 delega\u00e7\u00e3o para a viagem a Salvador"},"337626":{"titulo":"Com poucas op\u00e7\u00f5es para a defesa, Athletico sonha com zagueiro de rival do Brasileir\u00e3o","link":"https:\/\/www.futebolinterior.com.br\/com-poucas-opcoes-para-a-defesa-athletico-sonha-com-zagueiro-de-rival-do-brasileirao\/","chapeu":"MERCADO","data":"27\/05\/2019","imagem":"https:\/\/images.futebolinterior.com.br\/2021\/04\/0002050391220_img-300x166.jpg","resumo":"Trata-se do zagueiro Luiz Felipe, do Santos, que nesse primeiro momento s\u00f3 deseja vender o jogador"},"337878":{"titulo":"CSA x Goi\u00e1s - Hora de mostrar o que vieram fazer na S\u00e9rie A","link":"https:\/\/www.futebolinterior.com.br\/csa-x-goias-hora-de-mostrar-o-que-vieram-fazer-na-serie-a\/","chapeu":"SUBIRAM JUNTOS","data":"27\/05\/2019","imagem":"https:\/\/images.futebolinterior.com.br\/2021\/04\/0002050390903_img-300x170.jpg","resumo":"Das das equipes que subiram da S\u00e9rie B no ano passado se enfrentam para mostrar que podem brilhar na elite"},"337664":{"titulo":"Ap\u00f3s realizar exames m\u00e9dicos, Palmeiras descarta les\u00e3o no zagueiro Luan","link":"https:\/\/www.futebolinterior.com.br\/apos-realizar-exames-medicos-palmeiras-descarta-lesao-no-zagueiro-luan\/","chapeu":"BEM FISICAMENTE","data":"27\/05\/2019","imagem":"https:\/\/images.futebolinterior.com.br\/2021\/04\/0002050391193_img-212x300.jpg","resumo":"BEM FISICAMENTE"}}