{"337385":{"titulo":"Gr\u00eamio rev\u00ea Juventude e busca vaga na Copa do Brasil para intensificar rea\u00e7\u00e3o","link":"https:\/\/www.futebolinterior.com.br\/gremio-reve-juventude-e-busca-vaga-na-copa-do-brasil-para-intensificar-reacao\/","chapeu":"PRA AVAN\u00c7AR","data":"29\/05\/2019","imagem":"https:\/\/images.futebolinterior.com.br\/2021\/04\/0002050391561_img-300x200.jpg","resumo":"Depois de vencer o Atl\u00e9tico-MG no Campeonato Brasileiro e dar fim a um jejum de cinco jogos sem triunfos no torneio nacional, o Gr\u00eamio busca a classifica\u00e7\u00e3o \u00e0s quartas de finais "},"337583":{"titulo":"Lateral Jo\u00e3o Lucas tem situa\u00e7\u00e3o regularizada e fica apto a estrear pelo Flamengo","link":"https:\/\/www.futebolinterior.com.br\/lateral-joao-lucas-tem-situacao-regularizada-e-fica-apto-a-estrear-pelo-flamengo\/","chapeu":"VAI PRO JOGO","data":"28\/05\/2019","imagem":"https:\/\/images.futebolinterior.com.br\/2021\/04\/0002050391319_img-300x200.jpg","resumo":"Seu nome foi publicado no Boletim Informativo Di\u00e1rio (BID) da CBF nesta segunda-feira \u00e0 noite"},"337410":{"titulo":"Com Iago na sele\u00e7\u00e3o, Uendel festeja chance de atuar 4 jogos seguidos pelo Inter","link":"https:\/\/www.futebolinterior.com.br\/com-iago-na-selecao-uendel-festeja-chance-de-atuar-4-jogos-seguidos-pelo-inter\/","chapeu":"MINHA VEZ!","data":"28\/05\/2019","imagem":"https:\/\/images.futebolinterior.com.br\/2021\/04\/0002050391531_img-300x197.jpg","resumo":"A primeira oportunidade ser\u00e1 nesta quarta-feira, \u00e0s 19h15, diante do Paysandu"},"337414":{"titulo":"Elenco do S\u00e3o Paulo \u00e9 cobrado por torcedores no embarque a Salvador","link":"https:\/\/www.futebolinterior.com.br\/elenco-do-sao-paulo-e-cobrado-por-torcedores-no-embarque-a-salvador\/","chapeu":"CRISE","data":"28\/05\/2019","imagem":"https:\/\/images.futebolinterior.com.br\/2021\/04\/0002050391490_img-300x185.png","resumo":"O Tricolor vem de derrota por 1 a 0 e empate sem gols com o Bahia, al\u00e9m de derrota por 1 a 0 para o rival Corinthians"},"337422":{"titulo":"Presidente do Vasco vai tentar empr\u00e9stimo para pagar sal\u00e1rios atrasados","link":"https:\/\/www.futebolinterior.com.br\/presidente-do-vasco-vai-tentar-emprestimo-para-pagar-salarios-atrasados\/","chapeu":"QUE COISA!","data":"28\/05\/2019","imagem":"https:\/\/images.futebolinterior.com.br\/2021\/04\/0002050391477_img-300x208.jpg","resumo":"Alexandre Campello pediu uma reuni\u00e3o com o Conselho Deliberativo para aprovar o empr\u00e9stimo de R$ 30 milh\u00f5es"},"337418":{"titulo":"Romero diz que grupo do Cruzeiro tem de se preocupar s\u00f3 com crise dentro de campo","link":"https:\/\/www.futebolinterior.com.br\/romero-diz-que-grupo-do-cruzeiro-tem-de-se-preocupar-so-com-crise-dentro-de-campo\/","chapeu":"S\u00d3 JOGO...","data":"28\/05\/2019","imagem":"https:\/\/images.futebolinterior.com.br\/2021\/04\/0002050391476_img-300x200.jpg","resumo":"Volante deixa o extracampo nas m\u00e3os dos dirigentes, que s\u00e3o alvos de den\u00fancias de irregularidades. "},"337435":{"titulo":"Prefeito do Rio d\u00e1 declara\u00e7\u00e3o infeliz e compara ciclovia ao Vasco: \"Vive caindo\"","link":"https:\/\/www.futebolinterior.com.br\/prefeito-do-rio-da-declaracao-infeliz-e-compara-ciclovia-ao-vasco-vive-caindo\/","chapeu":"LAMENT\u00c1VEL","data":"28\/05\/2019","imagem":"https:\/\/images.futebolinterior.com.br\/2021\/04\/0002050391448_img-300x159.jpg","resumo":"Marcelo Crivella mostrou falta de sensibilidade, j\u00e1 que tr\u00eas pessoas morreram em 2016 com queda de parte da ciclovia"},"337439":{"titulo":"Sul-Americana: Apesar da vantagem, t\u00e9cnico pede postura ofensiva ao Botafogo","link":"https:\/\/www.futebolinterior.com.br\/sul-americana-apesar-da-vantagem-tecnico-pede-postura-ofensiva-ao-botafogo\/","chapeu":"PRA CIMA","data":"28\/05\/2019","imagem":"https:\/\/images.futebolinterior.com.br\/2021\/04\/0002050391458_img-300x206.jpg","resumo":"Eduardo Barroca n\u00e3o quer ver o Fog\u00e3o acomodado com a vit\u00f3ria conquistada no jogo de ida"},"337424":{"titulo":"Dirigente critica CBF e revela busca do Goi\u00e1s por refor\u00e7os do exterior","link":"https:\/\/www.futebolinterior.com.br\/dirigente-critica-cbf-e-revela-busca-do-goias-por-reforcos-do-exterior\/","chapeu":"FALOU TUDO!","data":"28\/05\/2019","imagem":"https:\/\/images.futebolinterior.com.br\/2021\/04\/0002050391459_img-300x142.jpg","resumo":"O time esmeraldino tenta se recuperar da derrota sofrida pelo CSA, por 1 a 0"},"337431":{"titulo":"STJD determina que CBF n\u00e3o homologue resultado de Botafogo x Palmeiras","link":"https:\/\/www.futebolinterior.com.br\/stjd-determina-que-cbf-nao-homologue-resultado-de-botafogo-x-palmeiras\/","chapeu":"BOMBA!","data":"28\/05\/2019","imagem":"https:\/\/images.futebolinterior.com.br\/2021\/04\/0002050391457_img-300x185.jpg","resumo":"O time carioca reclama que o \u00e1rbitro Paulo Roberto Alves Junior n\u00e3o poderia ter usado o VAR, o \u00e1rbitro de v\u00eddeo, no lance de p\u00eanalti"}}