{"337338":{"titulo":"Time alem\u00e3o volta a fazer investida por joia do Corinthians","link":"https:\/\/www.futebolinterior.com.br\/time-alemao-volta-a-fazer-investida-por-joia-do-corinthians\/","chapeu":"EM CIMA!","data":"29\/05\/2019","imagem":"https:\/\/images.futebolinterior.com.br\/2021\/04\/0002050391592_img-300x200.png","resumo":"O Borussia Dourtmund deve apresentar em breve uma proposta oficial por Pedrinho, mas por enquanto ainda n\u00e3o h\u00e1 negocia\u00e7\u00e3o iniciada "},"337334":{"titulo":"Abel Braga pede demiss\u00e3o do Flamengo, que se aproxima de t\u00e9cnico portugu\u00eas","link":"https:\/\/www.futebolinterior.com.br\/abel-braga-pede-demissao-do-flamengo-que-se-aproxima-de-tecnico-portugues\/","chapeu":"J\u00c1 ERA!","data":"29\/05\/2019","imagem":"https:\/\/images.futebolinterior.com.br\/2021\/04\/0002050391612_img-300x199.jpg","resumo":"Rubro-negro est\u00e1 interessado em Jorge Jesus, treinador que conquistou t\u00edtulos importantes com Benfica e Sporting"},"337348":{"titulo":"Time do Brasileir\u00e3o demonstra interesse em Douglas Tanque, ex-Ponte Preta","link":"https:\/\/www.futebolinterior.com.br\/time-do-brasileirao-demonstra-interesse-em-douglas-tanque-ex-ponte-preta\/","chapeu":"VOLTANDO?","data":"29\/05\/2019","imagem":"https:\/\/images.futebolinterior.com.br\/2021\/04\/0002050391586_img-300x200.jpg","resumo":"Pr\u00f3ximo de contratar Fernando Uribe, liberado pelo Flamengo na \u00faltima ter\u00e7a-feira, o Santos ainda n\u00e3o est\u00e1 satisfeito com os atacantes que tem no elenco"},"276172":{"titulo":"Maratona de Porto Alegre 'tira onda' com Inter e faz a festa da torcida do Gr\u00eamio","link":"https:\/\/www.futebolinterior.com.br\/maratona-de-porto-alegre-tira-onda-com-inter-e-faz-a-festa-da-torcida-do-gremio\/","chapeu":"VIADUTO MAZEMBE","data":"29\/05\/2019","imagem":"https:\/\/images.futebolinterior.com.br\/2020\/11\/0002050391583_img-300x208.jpg","resumo":"Organiza\u00e7\u00e3o divulgou um mapa no qual constava que um dos pontos de reidrata\u00e7\u00e3o dos participantes estava localizado no Viaduto Mazembe"},"337358":{"titulo":"Torcedor oferece R$ 500 para Rog\u00e9rio Ceni treinar o N\u00e1utico na S\u00e9rie C","link":"https:\/\/www.futebolinterior.com.br\/torcedor-oferece-r-500-para-rogerio-ceni-treinar-o-nautico-na-serie-c\/","chapeu":"QUE ISSO","data":"29\/05\/2019","imagem":"https:\/\/images.futebolinterior.com.br\/2021\/04\/0002050391580_img-300x194.jpg","resumo":"O sucesso de Rog\u00e9rio Ceni no Fortaleza vem agitando o futebol brasileiro"},"337366":{"titulo":"Com torneio cancelado, Palmeiras procura outra agenda para a Copa Am\u00e9rica","link":"https:\/\/www.futebolinterior.com.br\/com-torneio-cancelado-palmeiras-procura-outra-agenda-para-a-copa-america\/","chapeu":"\u00c0 PROCURA","data":"29\/05\/2019","imagem":"https:\/\/images.futebolinterior.com.br\/2021\/04\/0002050391573_img-300x225.jpg","resumo":"O clube estava com a presen\u00e7a confirmada em um torneio amistoso a ser realizado em Fortaleza, mas a competi\u00e7\u00e3o acabou cancelada"},"337370":{"titulo":"Santos registra sua segunda maior renda l\u00edquida em 2019 contra o Inter","link":"https:\/\/www.futebolinterior.com.br\/santos-registra-sua-segunda-maior-renda-liquida-em-2019-contra-o-inter\/","chapeu":"NO BOLSO","data":"29\/05\/2019","imagem":"https:\/\/images.futebolinterior.com.br\/2021\/04\/0002050391568_img-300x193.jpg","resumo":"O empate por 0 a 0 com o Internacional, domingo, pela sexta rodada do Campeonato Brasileiro, pode n\u00e3o ter sido um bom resultado para o Santos"},"337379":{"titulo":"Em teste para Copa Am\u00e9rica, Bahia x S\u00e3o Paulo ter\u00e1 c\u00e2meras de reconhecimento","link":"https:\/\/www.futebolinterior.com.br\/em-teste-para-copa-america-bahia-x-sao-paulo-tera-cameras-de-reconhecimento\/","chapeu":"MODERNO","data":"29\/05\/2019","imagem":"https:\/\/images.futebolinterior.com.br\/2021\/04\/0002050391564_img-300x200.jpg","resumo":"Testes de seguran\u00e7a para a Copa Am\u00e9rica ser\u00e3o realizados nesta quarta-feira, na Fonte Nova, durante o jogo entre Bahia e S\u00e3o Paulo, em Salvador"},"337381":{"titulo":"S\u00e3o Paulo visita Bahia e tenta evitar 22\u00aa queda desde \u00faltima ta\u00e7a","link":"https:\/\/www.futebolinterior.com.br\/sao-paulo-visita-bahia-e-tenta-evitar-22a-queda-desde-ultima-taca\/","chapeu":"ACOSTUMADO","data":"29\/05\/2019","imagem":"https:\/\/images.futebolinterior.com.br\/2021\/04\/0002050391563_img-300x188.jpg","resumo":"O S\u00e3o Paulo tenta nesta quarta-feira, a partir das 21h30, evitar a 22.\u00aa elimina\u00e7\u00e3o em mata-matas desde que conquistou seu \u00faltimo t\u00edtulo, a Copa Sul-Americana de 2012"},"337383":{"titulo":"Confort\u00e1vel, Fluminense visita Atl\u00e9tico Nacional para avan\u00e7ar na Sul-Americana","link":"https:\/\/www.futebolinterior.com.br\/confortavel-fluminense-visita-atletico-nacional-para-avancar-na-sul-americana\/","chapeu":"DE BOA?","data":"29\/05\/2019","imagem":"https:\/\/images.futebolinterior.com.br\/2021\/04\/0002050391562_img-300x200.jpg","resumo":"Em situa\u00e7\u00e3o confort\u00e1vel depois de aplicar goleada de 4 a 1 no primeiro jogo, o Fluminense reencontra o Atl\u00e9tico Nacional nesta quarta-feira, \u00e0s 21h30"}}