{"337267":{"titulo":"Abel dispara contra diretoria do Flamengo: \"O que n\u00e3o suporto \u00e9 trai\u00e7\u00e3o\"","link":"https:\/\/www.futebolinterior.com.br\/abel-dispara-contra-diretoria-do-flamengo-o-que-nao-suporto-e-traicao\/","chapeu":"NA BRONCA","data":"29\/05\/2019","imagem":"https:\/\/images.futebolinterior.com.br\/2021\/04\/0002050391712_img-300x200.jpg","resumo":"O treinador desmentiu que tenha deixado o cargo por causa das cr\u00edticas que vinha sofrendo por parte da imprensa e de torcedores"},"337284":{"titulo":"Landim diz que Flamengo ser\u00e1 dirigido por interino at\u00e9 pausa para Copa Am\u00e9rica","link":"https:\/\/www.futebolinterior.com.br\/landim-diz-que-flamengo-sera-dirigido-por-interino-ate-pausa-para-copa-america\/","chapeu":"SEM PRESSA","data":"29\/05\/2019","imagem":"https:\/\/images.futebolinterior.com.br\/2021\/04\/0002050391682_img-300x200.jpg","resumo":" Marcelo Salles, membro das comiss\u00e3o t\u00e9cnica fixa, vai assumir o comando provisoriamente"},"337273":{"titulo":"Camilo se apresenta e faz primeiro treino pela Chapecoense","link":"https:\/\/www.futebolinterior.com.br\/camilo-se-apresenta-e-faz-primeiro-treino-pela-chapecoense\/","chapeu":"VOLTEI!","data":"29\/05\/2019","imagem":"https:\/\/images.futebolinterior.com.br\/2021\/04\/0002050391677_img-300x175.jpg","resumo":"Jogador de 33 anos fez uma atividade a parte do restante do elenco, junto com o lateral-direito Eduardo"},"337282":{"titulo":"S\u00e9rie C: Cear\u00e1 desiste de contratar goleiro do Santa Cruz","link":"https:\/\/www.futebolinterior.com.br\/serie-c-ceara-desiste-de-contratar-goleiro-do-santa-cruz\/","chapeu":"ELE FICA","data":"29\/05\/2019","imagem":"https:\/\/images.futebolinterior.com.br\/2021\/04\/0002050391657_img-300x194.png","resumo":"Diretoria cearense chegou a abrir conversar para trazer Anderson, mas negocia\u00e7\u00f5es n\u00e3o avan\u00e7aram"},"276135":{"titulo":"Pressionado, treinador descarta entregar o cargo em time do Brasileir\u00e3o","link":"https:\/\/www.futebolinterior.com.br\/pressionado-treinador-descarta-entregar-o-cargo-em-time-do-brasileirao\/","chapeu":"AINDA N\u00c3O","data":"29\/05\/2019","imagem":"https:\/\/images.futebolinterior.com.br\/2020\/11\/0002050391650_img-300x169.jpg","resumo":"O Ava\u00ed ainda n\u00e3o conquistou nenhuma vit\u00f3ria no campeonato e est\u00e1 na pen\u00faltima coloca\u00e7\u00e3o"},"276147":{"titulo":"S\u00e9rie B: Am\u00e9rica-MG anuncia contrata\u00e7\u00e3o de atacante revelado pelo Corinthians","link":"https:\/\/www.futebolinterior.com.br\/serie-b-america-mg-anuncia-contratacao-de-atacante-revelado-pelo-corinthians\/","chapeu":"MAIS UM","data":"29\/05\/2019","imagem":"https:\/\/images.futebolinterior.com.br\/2020\/11\/0002050391633_img-300x225.jpg","resumo":"Antes de Rafael Bilu, a diretoria havia contratado o goleiro Thiago, o volante Willian Maranh\u00e3o e o meia Michel Bastos nos \u00faltimos dias"},"337314":{"titulo":"Luxemburgo observa valores da base do Vasco em treino para cl\u00e1ssico de domingo","link":"https:\/\/www.futebolinterior.com.br\/luxemburgo-observa-valores-da-base-do-vasco-em-treino-para-classico-de-domingo\/","chapeu":"FUTURO","data":"29\/05\/2019","imagem":"https:\/\/images.futebolinterior.com.br\/2021\/04\/0002050391617_img-300x202.jpg","resumo":"Treinador tem anunciado que vai testar com frequ\u00eancia atletas das categorias inferiores durante os treinamentos"},"337332":{"titulo":"Kaio Jorge sonha com 1\u00ba gol no Santos e se anima com poss\u00edvel chegada de Uribe","link":"https:\/\/www.futebolinterior.com.br\/kaio-jorge-sonha-com-1o-gol-no-santos-e-se-anima-com-possivel-chegada-de-uribe\/","chapeu":"COM TUDO","data":"29\/05\/2019","imagem":"https:\/\/images.futebolinterior.com.br\/2021\/04\/0002050391618_img-300x200.jpg","resumo":"O atacante n\u00e3o esconde a ansiedade para fazer o seu primeiro gol com a camisa do Santos no time profissional"},"337319":{"titulo":"CBF acata pedido do STJD e retira pontos da vit\u00f3ria do Palmeiras contra Botafogo","link":"https:\/\/www.futebolinterior.com.br\/cbf-acata-pedido-do-stjd-e-retira-pontos-da-vitoria-do-palmeiras-contra-botafogo\/","chapeu":"POL\u00caMICA","data":"29\/05\/2019","imagem":"https:\/\/images.futebolinterior.com.br\/2021\/04\/0002050391613_img-300x200.jpg","resumo":"O clube alviverde, que antes aparecia na lideran\u00e7a da tabela, dispon\u00edvel no site da entidade, com 16 pontos, agora tem 13 pontos"},"337336":{"titulo":"Dudu se torna jogador com mais vit\u00f3rias no atual elenco Palmeiras com 150 triunfos","link":"https:\/\/www.futebolinterior.com.br\/dudu-se-torna-jogador-com-mais-vitorias-no-atual-elenco-palmeiras-com-150-triunfos\/","chapeu":"QUE MARCA","data":"29\/05\/2019","imagem":"https:\/\/images.futebolinterior.com.br\/2021\/04\/0002050391595_img-300x202.jpg","resumo":"Camisa 7 ultrapassou Fernando Prass diante do Botafogo e agora j\u00e1 \u00e9 o segundo atleta que mais venceu no s\u00e9culo XXI pelo Verd\u00e3o"}}