{"337165":{"titulo":"Campe\u00e3o no Fortaleza, Marcelo Boeck relembra trag\u00e9dia da Chapecoense","link":"https:\/\/www.futebolinterior.com.br\/campeao-no-fortaleza-marcelo-boeck-relembra-tragedia-da-chapecoense\/","chapeu":"\u00cdDOLO","data":"30\/05\/2019","imagem":"https:\/\/images.futebolinterior.com.br\/2021\/04\/0002050391851_img-300x300.jpg","resumo":"Capit\u00e3o do Fortaleza, Marcelo Boeck foi o incumbido de levantar a ta\u00e7a da Copa do Nordeste ap\u00f3s a vit\u00f3ria por 1 a 0 contra o Botafogo-PB no tempo normal"},"337181":{"titulo":"Cuca indica reformula\u00e7\u00e3o no elenco do S\u00e3o Paulo: 'Tende a melhorar'","link":"https:\/\/www.futebolinterior.com.br\/cuca-indica-reformulacao-no-elenco-do-sao-paulo-tende-a-melhorar\/","chapeu":"CICLO","data":"30\/05\/2019","imagem":"https:\/\/images.futebolinterior.com.br\/2021\/04\/0002050391846_img-300x200.jpg","resumo":"O t\u00e9cnico Cuca planeja uma reformula\u00e7\u00e3o no elenco do S\u00e3o Paulo durante a parada para a Copa Am\u00e9rica, entre junho e julho"},"337183":{"titulo":"H\u00e1 45 dias no Santos, Jobson segue sem estrear e deve atuar pelos aspirantes","link":"https:\/\/www.futebolinterior.com.br\/ha-45-dias-no-santos-jobson-segue-sem-estrear-e-deve-atuar-pelos-aspirantes\/","chapeu":"SEM ESPA\u00c7O","data":"30\/05\/2019","imagem":"https:\/\/images.futebolinterior.com.br\/2021\/04\/0002050391844_img-300x200.jpg","resumo":"O jogador se destacou com a camisa do Red Bull no Campeonato Paulista, mas ainda n\u00e3o teve chance com Sampaoli"},"337243":{"titulo":"Ricardo Oliveira passa por exame e R\u00e9ver treina com protetor nasal no Atl\u00e9tico-MG","link":"https:\/\/www.futebolinterior.com.br\/ricardo-oliveira-passa-por-exame-e-rever-treina-com-protetor-nasal-no-atletico-mg\/","chapeu":"D\u00daVIDAS","data":"30\/05\/2019","imagem":"https:\/\/images.futebolinterior.com.br\/2021\/04\/0002050391825_img-300x200.jpg","resumo":"Os dois s\u00e3o d\u00favidas para a partida de domingo, \u00e0s 19 horas, no Est\u00e1dio Independ\u00eancia, diante do CSA"},"276094":{"titulo":"Guerrero comemora classifica\u00e7\u00e3o e j\u00e1 pensa na sequ\u00eancia do Inter no Brasileir\u00e3o","link":"https:\/\/www.futebolinterior.com.br\/guerrero-comemora-classificacao-e-ja-pensa-na-sequencia-do-inter-no-brasileirao\/","chapeu":"MATADOR","data":"29\/05\/2019","imagem":"https:\/\/images.futebolinterior.com.br\/2020\/11\/0002050391756_img-300x169.jpg","resumo":"O atacante fez o gol da vit\u00f3ria por 1 a 0 sobre o Paysandu e chegou a oito gols em 12 jogos pelo Colorado em 2019"},"337249":{"titulo":"Ap\u00f3s den\u00fancias, Conselho do Cruzeiro d\u00e1 prazo para presidente entregar documentos","link":"https:\/\/www.futebolinterior.com.br\/apos-denuncias-conselho-do-cruzeiro-da-prazo-para-presidente-entregar-documentos\/","chapeu":"OLHO NELES !","data":"29\/05\/2019","imagem":"https:\/\/images.futebolinterior.com.br\/2021\/04\/0002050391742_img-300x169.jpg","resumo":"A dire\u00e7\u00e3o do clube \u00e9 alvo de investiga\u00e7\u00e3o da Pol\u00edcia Civil por suspeita de falsifica\u00e7\u00e3o de documentos, falsidade ideol\u00f3gica e lavagem"},"337247":{"titulo":"Diogo Silva quer vit\u00f3ria contra o Santos em anivers\u00e1rio do Cear\u00e1","link":"https:\/\/www.futebolinterior.com.br\/diogo-silva-quer-vitoria-contra-o-santos-em-aniversario-do-ceara\/","chapeu":"VAI QUE VAI!","data":"29\/05\/2019","imagem":"https:\/\/images.futebolinterior.com.br\/2021\/04\/0002050391800_img-300x177.jpg","resumo":"O goleiro quer que a festa seja completa para o Voz\u00e3o neste domingo"},"276102":{"titulo":"Lateral do Goi\u00e1s lamenta jogo adiado contra Corinthians: \"Pod\u00edamos vencer\"","link":"https:\/\/www.futebolinterior.com.br\/lateral-do-goias-lamenta-jogo-adiado-contra-corinthians-podiamos-vencer\/","chapeu":"PACI\u00caNCIA!","data":"29\/05\/2019","imagem":"https:\/\/images.futebolinterior.com.br\/2020\/11\/0002050391732_img-300x224.jpg","resumo":"O Tim\u00e3o teve uma dura viagem para Venezuela, por isso, teve a partida adiada."},"276107":{"titulo":"Presidente do Santos brinca e pede lateral para liberar zagueiro ao Athletico-PR","link":"https:\/\/www.futebolinterior.com.br\/presidente-do-santos-brinca-e-pede-lateral-para-liberar-zagueiro-ao-athletico-pr\/","chapeu":"EITA!","data":"29\/05\/2019","imagem":"https:\/\/images.futebolinterior.com.br\/2020\/11\/0002050391726_img-300x167.jpg","resumo":"Peres deu a entender que n\u00e3o abrir\u00e1 m\u00e3o de nenhum jogador do seu atual elenco"},"337269":{"titulo":"Paraguaio do Palmeiras celebra convoca\u00e7\u00e3o para a Copa Am\u00e9rica","link":"https:\/\/www.futebolinterior.com.br\/paraguaio-do-palmeiras-celebra-convocacao-para-a-copa-america\/","chapeu":"FELIZ DA VIDA","data":"29\/05\/2019","imagem":"https:\/\/images.futebolinterior.com.br\/2021\/04\/0002050391719_img-300x181.jpg","resumo":"Gustavo G\u00f3mez \u00e9 um dos principais jogadores do time comandado por Luiz Felipe Scolari"}}