{"337122":{"titulo":"Morumbi \u00e9 pichado ap\u00f3s elimina\u00e7\u00e3o do S\u00e3o Paulo; Leco e Nen\u00ea s\u00e3o os alvos","link":"https:\/\/www.futebolinterior.com.br\/morumbi-e-pichado-apos-eliminacao-do-sao-paulo-leco-e-nene-sao-os-alvos\/","chapeu":"FECHOU O TEMPO","data":"30\/05\/2019","imagem":"https:\/\/images.futebolinterior.com.br\/2021\/04\/0002050391899_img-300x300.jpg","resumo":"Torcedores pedem a sa\u00edda do presidente e do meio, apontados como culpados pela m\u00e1 fase"},"337120":{"titulo":"Peres explica n\u00e3o ida de Rodrygo \u00e0 Sele\u00e7\u00e3o Ol\u00edmpica: 'Se fosse time A, liberaria'","link":"https:\/\/www.futebolinterior.com.br\/peres-explica-nao-ida-de-rodrygo-a-selecao-olimpica-se-fosse-time-a-liberaria\/","chapeu":"FALA AE!","data":"30\/05\/2019","imagem":"https:\/\/images.futebolinterior.com.br\/2021\/04\/0002050391901_img-300x169.jpg","resumo":"Vendido ao Real Madrid, o jovem atacante se apresentar\u00e1 ao clube da Espanha no pr\u00f3ximo m\u00eas de julho"},"337148":{"titulo":"Exames n\u00e3o apontam les\u00e3o, mas artilheiro ainda \u00e9 d\u00favida no Atl\u00e9tico-MG","link":"https:\/\/www.futebolinterior.com.br\/exames-nao-apontam-lesao-mas-artilheiro-ainda-e-duvida-no-atletico-mg\/","chapeu":"MENOS MAL","data":"30\/05\/2019","imagem":"https:\/\/images.futebolinterior.com.br\/2021\/04\/0002050391879_img-300x200.jpg","resumo":"Ricardo Oliveira foi substitu\u00eddo durante o jogo contra o Uni\u00f3n La Calera com dores no ombro direito"},"337159":{"titulo":"Ap\u00f3s pol\u00eamica, prefeito do Rio cede terreno para constru\u00e7\u00e3o de CT do Vasco","link":"https:\/\/www.futebolinterior.com.br\/apos-polemica-prefeito-do-rio-cede-terreno-para-construcao-de-ct-do-vasco\/","chapeu":"PAZES","data":"30\/05\/2019","imagem":"https:\/\/images.futebolinterior.com.br\/2021\/04\/0002050391859_img-300x196.jpg","resumo":"\"Este movimento \u00e9 muito importante, especialmente neste momento de reestrutura\u00e7\u00e3o do clube. \u00c9 um passo important\u00edssimo\", disse Campello"},"337161":{"titulo":"Vanderlei afirma que oscila\u00e7\u00f5es do Santos s\u00e3o normais: 'N\u00e3o venceremos todos'","link":"https:\/\/www.futebolinterior.com.br\/vanderlei-afirma-que-oscilacoes-do-santos-sao-normais-nao-venceremos-todos\/","chapeu":"ALTOS E BAIXOS","data":"30\/05\/2019","imagem":"https:\/\/images.futebolinterior.com.br\/2021\/04\/0002050391855_img-300x200.jpg","resumo":"A equipe de Jorge Sampaoli conquistou bons resultados, mas tamb\u00e9m sofreu derrotas duras e por goleada"},"337171":{"titulo":"Renato Ga\u00facho v\u00ea parada da Copa Am\u00e9rica como chance para recuperar Gr\u00eamio","link":"https:\/\/www.futebolinterior.com.br\/renato-gaucho-ve-parada-da-copa-america-como-chance-para-recuperar-gremio\/","chapeu":"NA HORA CERTA","data":"30\/05\/2019","imagem":"https:\/\/images.futebolinterior.com.br\/2021\/04\/0002050391853_img-300x168.jpg","resumo":"A equipe \u00e9 tida como um dos melhores elencos do Pa\u00eds, mas ainda n\u00e3o conseguiu embalar no Campeonato Brasileiro"},"337175":{"titulo":"Com 2 jogos no Sul antes de parada, Inter mira arrancada rumo ao G4 do Brasileiro","link":"https:\/\/www.futebolinterior.com.br\/com-2-jogos-no-sul-antes-de-parada-inter-mira-arrancada-rumo-ao-g4-do-brasileiro\/","chapeu":"HORA DE SUBIR","data":"30\/05\/2019","imagem":"https:\/\/images.futebolinterior.com.br\/2021\/04\/0002050391852_img-300x169.jpg","resumo":"A equipe ga\u00facha est\u00e1 na s\u00e9tima posi\u00e7\u00e3o do Campeonato Brasileiro, com dez pontos"},"337150":{"titulo":"Calend\u00e1rio da CBF \u2018estraga\u2019 festa do Fortaleza na Copa do Nordeste","link":"https:\/\/www.futebolinterior.com.br\/calendario-da-cbf-estraga-festa-do-fortaleza-na-copa-do-nordeste\/","chapeu":"MODESTO","data":"30\/05\/2019","imagem":"https:\/\/images.futebolinterior.com.br\/2021\/04\/0002050391864_img-300x200.jpg","resumo":"A torcida do Fortaleza est\u00e1 em \u00eaxtase ap\u00f3s a conquista da Copa do Nordeste"},"337169":{"titulo":"Ra\u00ed diz que S\u00e3o Paulo agora tem necessidade maior de brigar pelo Brasileir\u00e3o","link":"https:\/\/www.futebolinterior.com.br\/rai-diz-que-sao-paulo-agora-tem-necessidade-maior-de-brigar-pelo-brasileirao\/","chapeu":"FOCO!","data":"30\/05\/2019","imagem":"https:\/\/images.futebolinterior.com.br\/2021\/04\/0002050391860_img-300x193.jpg","resumo":"O executivo de futebol do clube tricolor tamb\u00e9m comentou que \"d\u00e1 para adaptar\" o planejamento para o restante da temporada"},"337167":{"titulo":"Atacante colombiano \u00e9 oficializado e assina com o Santos at\u00e9 junho de 2022","link":"https:\/\/www.futebolinterior.com.br\/atacante-colombiano-e-oficializado-e-assina-com-o-santos-ate-junho-de-2022\/","chapeu":"\u00c9 DO PEIX\u00c3O!","data":"30\/05\/2019","imagem":"https:\/\/images.futebolinterior.com.br\/2021\/04\/0002050391854_img-300x300.jpg","resumo":"Uribe, que estava no Flamengo, se tornou o d\u00e9cimo refor\u00e7o confirmado pelo clube alvinegro para esta temporada"}}