{"337047":{"titulo":"Carille \u00e9 otimista com problema de Fagner: 'A princ\u00edpio n\u00e3o foi nada'","link":"https:\/\/www.futebolinterior.com.br\/carille-e-otimista-com-problema-de-fagner-a-principio-nao-foi-nada\/","chapeu":"CALMA!","data":"30\/05\/2019","imagem":"https:\/\/images.futebolinterior.com.br\/2021\/04\/0002050391983_img-300x198.jpg","resumo":"O clube informou que ele passar\u00e1 por exames no s\u00e1bado, visando o duelo contra o Flamengo"},"337053":{"titulo":"Rafinha que usar Copa Am\u00e9rica para ficar 100% fisicamente no Goi\u00e1s","link":"https:\/\/www.futebolinterior.com.br\/rafinha-que-usar-copa-america-para-ficar-100-fisicamente-no-goias\/","chapeu":"META!","data":"30\/05\/2019","imagem":"https:\/\/images.futebolinterior.com.br\/2021\/04\/0002050391973_img-300x216.jpg","resumo":"O jogador est\u00e1 recuperado de uma grave les\u00e3o e voltou a disputar uma partida, frente ao CSA"},"337063":{"titulo":"Marquinhos Gabriel pede Cruzeiro mais confiante no domingo diante do S\u00e3o Paulo","link":"https:\/\/www.futebolinterior.com.br\/marquinhos-gabriel-pede-cruzeiro-mais-confiante-no-domingo-diante-do-sao-paulo\/","chapeu":"VAI QUE VAI!","data":"30\/05\/2019","imagem":"https:\/\/images.futebolinterior.com.br\/2021\/04\/0002050391964_img-300x166.jpg","resumo":"O mau momento do S\u00e3o Paulo \u00e9 outro obst\u00e1culo, segundo o atleta, para a Raposa"},"276031":{"titulo":"Roger Machado se diz orgulhoso com classifica\u00e7\u00e3o do Bahia e exalta torcida","link":"https:\/\/www.futebolinterior.com.br\/roger-machado-se-diz-orgulhoso-com-classificacao-do-bahia-e-exalta-torcida\/","chapeu":"FALA PROFESSOR!","data":"30\/05\/2019","imagem":"https:\/\/images.futebolinterior.com.br\/2020\/11\/0002050391957_img-300x184.jpg","resumo":"Na noite da \u00faltima quarta-feira, o Tricolor eliminou o S\u00e3o Paulo da Copa do Brasil"},"337061":{"titulo":"\u200bAp\u00f3s apresentar Camilo, Chape empresta promessa para time da S\u00e9rie D","link":"https:\/\/www.futebolinterior.com.br\/%e2%80%8bapos-apresentar-camilo-chape-empresta-promessa-para-time-da-serie-d\/","chapeu":"VAI E VEM!","data":"30\/05\/2019","imagem":"https:\/\/images.futebolinterior.com.br\/2021\/04\/0002050391952_img-300x174.jpg","resumo":"Kendy, de 21 anos, n\u00e3o vem sendo aproveitado por Ney Franco e vai jogar no Brusque"},"337073":{"titulo":"Desembarque do S\u00e3o Paulo ap\u00f3s elimina\u00e7\u00e3o tem confus\u00e3o entre seguran\u00e7as e torcedor","link":"https:\/\/www.futebolinterior.com.br\/desembarque-do-sao-paulo-apos-eliminacao-tem-confusao-entre-segurancas-e-torcedor\/","chapeu":"TENS\u00c3O","data":"30\/05\/2019","imagem":"https:\/\/images.futebolinterior.com.br\/2021\/04\/0002050391949_img-300x146.png","resumo":"Elimina\u00e7\u00e3o na Copa do Brasil causou outros protestos, como picha\u00e7\u00f5es feitas no Morumbi"},"337085":{"titulo":"Com Copa do Brasil mantida no Pacaembu, Santos pega Atl\u00e9tico pela S\u00e9rie A na Vila","link":"https:\/\/www.futebolinterior.com.br\/com-copa-do-brasil-mantida-no-pacaembu-santos-pega-atletico-pela-serie-a-na-vila\/","chapeu":"DUAS CASAS","data":"30\/05\/2019","imagem":"https:\/\/images.futebolinterior.com.br\/2021\/04\/0002050391948_img-300x200.jpg","resumo":"A ideia inicial era atuar pela Copa do Brasil no Pacaembu, em busca de uma arrecada\u00e7\u00e3o maior"},"337112":{"titulo":"Ap\u00f3s choque de cabe\u00e7a, atacante desfalca o S\u00e3o Paulo contra o Cruzeiro","link":"https:\/\/www.futebolinterior.com.br\/apos-choque-de-cabeca-atacante-desfalca-o-sao-paulo-contra-o-cruzeiro\/","chapeu":"CAUTELA","data":"30\/05\/2019","imagem":"https:\/\/images.futebolinterior.com.br\/2021\/04\/0002050391917_img-300x191.jpg","resumo":"Everton foi substitu\u00eddo ainda no primeiro tempo depois de uma dividida com o lateral Nino Para\u00edba"},"337108":{"titulo":"Marquinhos revela dificuldade do Ava\u00ed na busca por refor\u00e7os no mercado","link":"https:\/\/www.futebolinterior.com.br\/marquinhos-revela-dificuldade-do-avai-na-busca-por-reforcos-no-mercado\/","chapeu":"DIF\u00cdCIL","data":"30\/05\/2019","imagem":"https:\/\/images.futebolinterior.com.br\/2021\/04\/0002050391907_img-300x230.jpg","resumo":"Sem nenhuma vit\u00f3ria no Campeonato Brasileiro, o Ava\u00ed entrou de cabe\u00e7a no mercado de olho em refor\u00e7os para o segundo semestre, mas at\u00e9 aqui n\u00e3o teve vida f\u00e1cil"},"337125":{"titulo":"Ex-Flamengo se diz feliz com ida ao Santos: \"Time brasileiro mais conhecido no mundo\"","link":"https:\/\/www.futebolinterior.com.br\/ex-flamengo-se-diz-feliz-com-ida-ao-santos-time-brasileiro-mais-conhecido-no-mundo\/","chapeu":"S\u00d3 ELOGIOS","data":"30\/05\/2019","imagem":"https:\/\/images.futebolinterior.com.br\/2021\/04\/0002050391902_img-300x221.jpg","resumo":"Uribe foi apresentado oficialmente como novo refor\u00e7o do Peixe nesta quinta-feira para a sequ\u00eancia da temporada"}}