{"336990":{"titulo":"Jean Mota admite inc\u00f4modo com jejum de tr\u00eas partidas sem gols do Santos","link":"https:\/\/www.futebolinterior.com.br\/jean-mota-admite-incomodo-com-jejum-de-tres-partidas-sem-gols-do-santos\/","chapeu":"ASSIM N\u00c3O D\u00c1!","data":"31\/05\/2019","imagem":"https:\/\/images.futebolinterior.com.br\/2021\/04\/0002050392090_img-300x130.jpg","resumo":"\"Claro que a gente n\u00e3o gosta disso e fica bem chateado, mas temos trabalhado e estamos confiantes\", disse o meia"},"337002":{"titulo":"L\u00edder em assist\u00eancias, Sornoza enfim comemora primeiro gol pelo Corinthians","link":"https:\/\/www.futebolinterior.com.br\/lider-em-assistencias-sornoza-enfim-comemora-primeiro-gol-pelo-corinthians\/","chapeu":"CRESCENDO","data":"31\/05\/2019","imagem":"https:\/\/images.futebolinterior.com.br\/2021\/04\/0002050392089_img-300x200.jpg","resumo":"O meia Sornoza marcou seu primeiro gol com a camisa do Corinthians na vit\u00f3ria sobre o Deportivo Lara"},"337006":{"titulo":"Ap\u00f3s 'perder' pontos do jogo em Bras\u00edlia, Palmeiras quer recuperar gordura no Sul","link":"https:\/\/www.futebolinterior.com.br\/apos-perder-pontos-do-jogo-em-brasilia-palmeiras-quer-recuperar-gordura-no-sul\/","chapeu":"S\u00d3 PENSA NISSO!","data":"31\/05\/2019","imagem":"https:\/\/images.futebolinterior.com.br\/2021\/04\/0002050392075_img-300x169.jpg","resumo":"\"Precisamos buscar a vit\u00f3ria em Chapec\u00f3 para consolidar a lideran\u00e7a\", afirmou o meia Mois\u00e9s ap\u00f3s a vit\u00f3ria sobre o Sampaio"},"337004":{"titulo":"Insatisfeito com Victor Ferraz, Santos mira ex-Ponte, ex-Guarani e mais tr\u00eas para ala","link":"https:\/\/www.futebolinterior.com.br\/insatisfeito-com-victor-ferraz-santos-mira-ex-ponte-ex-guarani-e-mais-tres-para-ala\/","chapeu":"CARAMBA!","data":"31\/05\/2019","imagem":"https:\/\/images.futebolinterior.com.br\/2021\/04\/0002050392073_img-300x153.jpg","resumo":"Clube da Baixada Santista est\u00e1 de olho nos laterais-direitos em Rodinei, Mariano, Rafael, Aderlan e Dod\u00f4"},"337020":{"titulo":"Carille destaca for\u00e7a do grupo ao completar quatro jogos sem sofrer gols","link":"https:\/\/www.futebolinterior.com.br\/carille-destaca-forca-do-grupo-ao-completar-quatro-jogos-sem-sofrer-gols\/","chapeu":"GOSTOU","data":"31\/05\/2019","imagem":"https:\/\/images.futebolinterior.com.br\/2021\/04\/0002050392065_img-300x200.jpg","resumo":"O t\u00e9cnico F\u00e1bio Carille acredita que o entrosamento do elenco possibilitou o Corinthians chegar \u00e0 quarta vit\u00f3ria consecutiva e tamb\u00e9m ao quarto jogo seguido sem sofrer gols"},"337022":{"titulo":"'Borja precisa confiar que \u00e9 qualificado', diz Felip\u00e3o sobre atacante","link":"https:\/\/www.futebolinterior.com.br\/borja-precisa-confiar-que-e-qualificado-diz-felipao-sobre-atacante\/","chapeu":"AUTO-ESTIMA","data":"31\/05\/2019","imagem":"https:\/\/images.futebolinterior.com.br\/2021\/04\/0002050392064_img-300x185.jpg","resumo":"A \u00fanica nota dissonante na vit\u00f3ria tranquila do Palmeiras na classifica\u00e7\u00e3o para a pr\u00f3xima fase da Copa do Brasil foi a atua\u00e7\u00e3o do colombiano Miguel Borja"},"337041":{"titulo":"Organizada do S\u00e3o Paulo marca protesto para s\u00e1bado: 'Chega de passar vergonha'","link":"https:\/\/www.futebolinterior.com.br\/organizada-do-sao-paulo-marca-protesto-para-sabado-chega-de-passar-vergonha\/","chapeu":"VISH!","data":"30\/05\/2019","imagem":"https:\/\/images.futebolinterior.com.br\/2021\/04\/0002050392011_img-300x236.png","resumo":"Al\u00e9m do texto, o panfleto que est\u00e1 sendo divulgado pela Independente tem a imagem do presidente Carlos Augusto de Barros e Silva"},"337032":{"titulo":"Jo\u00e3o Paulo garante Botafogo cheio de confian\u00e7a para o cl\u00e1ssico com o Vasco","link":"https:\/\/www.futebolinterior.com.br\/joao-paulo-garante-botafogo-cheio-de-confianca-para-o-classico-com-o-vasco\/","chapeu":"T\u00c1 PRONTO","data":"30\/05\/2019","imagem":"https:\/\/images.futebolinterior.com.br\/2021\/04\/0002050392010_img-300x225.jpg","resumo":"\"Posso garantir que vivemos um dia a dia excelente. A confian\u00e7a est\u00e1 l\u00e1 em cima\", disse "},"337030":{"titulo":"Antes de Jorge Jesus, Fla sondou t\u00e9cnico de rival do Brasileir\u00e3o. Descubra quem \u00e9!","link":"https:\/\/www.futebolinterior.com.br\/antes-de-jorge-jesus-fla-sondou-tecnico-de-rival-do-brasileirao-descubra-quem-e\/","chapeu":"VEJA!","data":"30\/05\/2019","imagem":"https:\/\/images.futebolinterior.com.br\/2021\/04\/0002050392006_img-300x200.jpg","resumo":"Com contrato at\u00e9 dezembro de 2020, Jorge Sampaoli preferiu seguir no comando do Santos"},"276012":{"titulo":"Enderson Moreira ganha desfalque de Wescley para a partida ante o Santos","link":"https:\/\/www.futebolinterior.com.br\/enderson-moreira-ganha-desfalque-de-wescley-para-a-partida-ante-o-santos\/","chapeu":"FORA DE NOVO!","data":"30\/05\/2019","imagem":"https:\/\/images.futebolinterior.com.br\/2020\/11\/0002050392007_img-300x200.jpg","resumo":"Voz\u00e3o pegar\u00e1 o Santos neste domingo, \u00e0s 16 horas, no Est\u00e1dio do Castel\u00e3o, pela 7\u00aa rodada do Campeonato Brasileiro da S\u00e9rie A"}}