{"336927":{"titulo":"Embalado, Bahia encerra prepara\u00e7\u00e3o para jogo contra o Gr\u00eamio","link":"https:\/\/www.futebolinterior.com.br\/embalado-bahia-encerra-preparacao-para-jogo-contra-o-gremio\/","chapeu":"TUDO PRONTO","data":"31\/05\/2019","imagem":"https:\/\/images.futebolinterior.com.br\/2021\/04\/0002050392152_img-300x200.jpg","resumo":"O t\u00e9cnico Roger Machado antecipou a concentra\u00e7\u00e3o a partir de quinta-feira por conta da sequ\u00eancia de jogos"},"336967":{"titulo":"Jogador do Botafogo-RJ vai a pres\u00eddio, recebe privil\u00e9gios e diretor \u00e9 exonerado","link":"https:\/\/www.futebolinterior.com.br\/jogador-do-botafogo-rj-vai-a-presidio-recebe-privilegios-e-diretor-e-exonerado\/","chapeu":"VEJA!","data":"31\/05\/2019","imagem":"https:\/\/images.futebolinterior.com.br\/2021\/04\/0002050392115_img-300x169.jpg","resumo":"Diego Souza foi ao Pres\u00eddio Tiago Teles de Castro Domingues na \u00faltimas semanas visitar um amigo"},"336965":{"titulo":"Surfando no bom momento, Cear\u00e1 quer aproveitar sequencia como mandante","link":"https:\/\/www.futebolinterior.com.br\/surfando-no-bom-momento-ceara-quer-aproveitar-sequencia-como-mandante\/","chapeu":"DE BOAS","data":"31\/05\/2019","imagem":"https:\/\/images.futebolinterior.com.br\/2021\/04\/0002050392114_img-300x300.jpg","resumo":"O Cear\u00e1 depende apenas das suas for\u00e7as para encerrar essa primeira parte do Campeonato Brasileiro entre os dez primeiros colocados"},"336973":{"titulo":"Yago Pikachu projeta rea\u00e7\u00e3o do Vasco nos pr\u00f3ximos jogos antes da Copa Am\u00e9rica","link":"https:\/\/www.futebolinterior.com.br\/yago-pikachu-projeta-reacao-do-vasco-nos-proximos-jogos-antes-da-copa-america\/","chapeu":"OTIMISTA","data":"31\/05\/2019","imagem":"https:\/\/images.futebolinterior.com.br\/2021\/04\/0002050392111_img-300x196.jpg","resumo":"O primeiro destes compromissos acontece neste domingo, \u00e0s 11 horas, no cl\u00e1ssico diante do Botafogo, no est\u00e1dio do Engenh\u00e3o"},"336971":{"titulo":"Palmeiras prepara compra de atacante colombiano no fim do ano","link":"https:\/\/www.futebolinterior.com.br\/palmeiras-prepara-compra-de-atacante-colombiano-no-fim-do-ano\/","chapeu":"VAI FICAR","data":"31\/05\/2019","imagem":"https:\/\/images.futebolinterior.com.br\/2021\/04\/0002050392109_img-300x175.jpg","resumo":"O jogador est\u00e1 emprestado pelo Envigado e atualmente integra o elenco sub-20 do clube paulista"},"275987":{"titulo":"Time do Brasileir\u00e3o d\u00e1 cartada ousada e inicia conversa por Mourinho","link":"https:\/\/www.futebolinterior.com.br\/time-do-brasileirao-da-cartada-ousada-e-inicia-conversa-por-mourinho\/","chapeu":"OUSADO!","data":"31\/05\/2019","imagem":"https:\/\/images.futebolinterior.com.br\/2020\/11\/0002050392108_img-300x200.jpg","resumo":"O Meng\u00e3o v\u00ea com interesse a contrata\u00e7\u00e3o do treinador, com in\u00fameros t\u00edtulos na Europa"},"336975":{"titulo":"Mais leve ap\u00f3s vit\u00f3ria, CSA tra\u00e7a estrat\u00e9gia para enfrentar o Atl\u00e9tico-MG","link":"https:\/\/www.futebolinterior.com.br\/mais-leve-apos-vitoria-csa-traca-estrategia-para-enfrentar-o-atletico-mg\/","chapeu":"FECHADINHO","data":"31\/05\/2019","imagem":"https:\/\/images.futebolinterior.com.br\/2021\/04\/0002050392103_img-300x169.jpg","resumo":"\u200bAp\u00f3s cinco jogos na S\u00e9rie A o CSA finalmente conseguiu tirar o peso da primeira vit\u00f3ria no Campeonato Brasileiro"},"336983":{"titulo":"Ex-S\u00e3o Paulo \u00e9 apresentado no Fluminense e exalta Fernando Diniz","link":"https:\/\/www.futebolinterior.com.br\/ex-sao-paulo-e-apresentado-no-fluminense-e-exalta-fernando-diniz\/","chapeu":"MOTIVADO","data":"31\/05\/2019","imagem":"https:\/\/images.futebolinterior.com.br\/2021\/04\/0002050392101_img-300x169.jpg","resumo":"O atacante Brenner j\u00e1 teve sua documenta\u00e7\u00e3o regularizada e pode fazer a estreia no domingo"},"276000":{"titulo":"BRASILEIR\u00c3O: Rodada 7 traz Cl\u00e1ssico da Amizade entre Botafogo e o lanterna Vasco","link":"https:\/\/www.futebolinterior.com.br\/brasileirao-rodada-7-traz-classico-da-amizade-entre-botafogo-e-o-lanterna-vasco\/","chapeu":"VAI PEGAR FOGO!","data":"31\/05\/2019","imagem":"https:\/\/images.futebolinterior.com.br\/2020\/11\/0002050392097_img-300x200.jpg","resumo":"Organizada pela Confedera\u00e7\u00e3o Brasileira de Futebol (CBF), a competi\u00e7\u00e3o tem cobertura completa pelo Portal Futebol Interior"},"336979":{"titulo":"Na beira da crise, Ava\u00ed joga todas as suas fichas contra o Internacional","link":"https:\/\/www.futebolinterior.com.br\/na-beira-da-crise-avai-joga-todas-as-suas-fichas-contra-o-internacional\/","chapeu":"AGORA OU NUNCA","data":"31\/05\/2019","imagem":"https:\/\/images.futebolinterior.com.br\/2021\/04\/0002050392095_img-300x200.jpg","resumo":"A crise j\u00e1 est\u00e1 batendo na porta do Ava\u00ed. Com tr\u00eas empates e tr\u00eas derrotas em seis jogos, o time despencou na classifica\u00e7\u00e3o do Campeonato Brasileiro "}}