{"336902":{"titulo":"Ded\u00e9 aposta em 'jogo grande' contra o S\u00e3o Paulo para o Cruzeiro buscar rea\u00e7\u00e3o","link":"https:\/\/www.futebolinterior.com.br\/dede-aposta-em-jogo-grande-contra-o-sao-paulo-para-o-cruzeiro-buscar-reacao\/","chapeu":"PROMETE","data":"31\/05\/2019","imagem":"https:\/\/images.futebolinterior.com.br\/2021\/04\/0002050392195_img-300x169.jpg","resumo":"O zagueiro um dos l\u00edderes do elenco comandado por Mano Menezes, ao lado do goleiro F\u00e1bio e do volante Henrique"},"275953":{"titulo":"Flamengo x Fortaleza - Bagun\u00e7a x organiza\u00e7\u00e3o pelo Brasileir\u00e3o!","link":"https:\/\/www.futebolinterior.com.br\/flamengo-x-fortaleza-bagunca-x-organizacao-pelo-brasileirao\/","chapeu":"MODELOS!","data":"31\/05\/2019","imagem":"https:\/\/images.futebolinterior.com.br\/2020\/11\/0002050392193_img-300x168.jpg","resumo":"Cariocas e cearenses t\u00eam modelos diferentes de gerir os clubes e os resultados podem ser observados dentro de campo"},"336904":{"titulo":"Elogiado pelo treinador, zagueiro \"mascarado\" deve ser a novidade no Atl\u00e9tico-MG","link":"https:\/\/www.futebolinterior.com.br\/elogiado-pelo-treinador-zagueiro-mascarado-deve-ser-a-novidade-no-atletico-mg\/","chapeu":"XERIF\u00c3O","data":"31\/05\/2019","imagem":"https:\/\/images.futebolinterior.com.br\/2021\/04\/0002050392190_img-300x200.jpg","resumo":"R\u00e9ver fraturou o nariz no jogo contra o Flamengo, pela quinta rodada, e vai ter que jogar com uma prote\u00e7\u00e3o"},"336916":{"titulo":"Gatito festeja marca 100 jogos pelo Botafogo que ser\u00e1 completada neste domingo","link":"https:\/\/www.futebolinterior.com.br\/gatito-festeja-marca-100-jogos-pelo-botafogo-que-sera-completada-neste-domingo\/","chapeu":"HIST\u00d3RICO","data":"31\/05\/2019","imagem":"https:\/\/images.futebolinterior.com.br\/2021\/04\/0002050392185_img-300x169.jpg","resumo":"A marca ser\u00e1 completada no cl\u00e1ssico contra o Vasco, pela s\u00e9tima rodada do Brasileir\u00e3o"},"336912":{"titulo":"Palmeiras tem tr\u00eas refor\u00e7os para encarar a Chapecoense, em Chapec\u00f3","link":"https:\/\/www.futebolinterior.com.br\/palmeiras-tem-tres-reforcos-para-encarar-a-chapecoense-em-chapeco\/","chapeu":"A\u00cd SIM","data":"31\/05\/2019","imagem":"https:\/\/images.futebolinterior.com.br\/2021\/04\/0002050392182_img-300x180.jpg","resumo":"Os zagueiros Luan e G\u00f3mez, al\u00e9m do meia Raphael Veiga, foram liberados pelo departamento m\u00e9dico"},"336910":{"titulo":"Bahia x Gr\u00eamio - Tricolores em \u00eaxtase, mas atr\u00e1s de mais no Brasileir\u00e3o!","link":"https:\/\/www.futebolinterior.com.br\/bahia-x-gremio-tricolores-em-extase-mas-atras-de-mais-no-brasileirao\/","chapeu":"COM TUDO!","data":"31\/05\/2019","imagem":"https:\/\/images.futebolinterior.com.br\/2021\/04\/0002050392174_img-300x184.jpg","resumo":"Baianos e ga\u00fachos venceram pela \u00faltima rodada da S\u00e9rie A e ainda se classificaram na Copa do Brasil"},"336918":{"titulo":"Ap\u00f3s deixar Brasileiro de lado, Athletico esquece vice e foca no Fluminense","link":"https:\/\/www.futebolinterior.com.br\/apos-deixar-brasileiro-de-lado-athletico-esquece-vice-e-foca-no-fluminense\/","chapeu":"BORA","data":"31\/05\/2019","imagem":"https:\/\/images.futebolinterior.com.br\/2021\/04\/0002050392163_img-200x300.jpg","resumo":"T\u00e9cnico Tiago Nunes volta a campo \u00e0s 16 horas deste domingo, quando enfrenta o Fluminense na Arena da Baixada"},"336914":{"titulo":"Com mudan\u00e7as, Fortaleza encara Flamengo no Engenh\u00e3o","link":"https:\/\/www.futebolinterior.com.br\/com-mudancas-fortaleza-encara-flamengo-no-engenhao\/","chapeu":"VAI QUE VAI","data":"31\/05\/2019","imagem":"https:\/\/images.futebolinterior.com.br\/2021\/04\/0002050392175_img-300x200.jpg","resumo":"O t\u00e9cnico Rog\u00e9rio Ceni n\u00e3o teve muito tempo para preparar o time depois do t\u00edtulo da Copa do Nordeste"},"336951":{"titulo":"Cheio de desfalques, Renato Ga\u00facho fecha treino do Gr\u00eamio para jogo contra Bahia","link":"https:\/\/www.futebolinterior.com.br\/cheio-de-desfalques-renato-gaucho-fecha-treino-do-gremio-para-jogo-contra-bahia\/","chapeu":"MIST\u00c9RIO","data":"31\/05\/2019","imagem":"https:\/\/images.futebolinterior.com.br\/2021\/04\/0002050392157_img-300x200.jpg","resumo":"O treinador n\u00e3o poder\u00e1 contar com Luan, Paulo Miranda, Alisson e Kannemann (todos machucados)"},"336943":{"titulo":"Vice do Fla nega que o clube tenha procurado outro t\u00e9cnico antes da sa\u00edda de Abel","link":"https:\/\/www.futebolinterior.com.br\/vice-do-fla-nega-que-o-clube-tenha-procurado-outro-tecnico-antes-da-saida-de-abel\/","chapeu":"NADA DISSO","data":"31\/05\/2019","imagem":"https:\/\/images.futebolinterior.com.br\/2021\/04\/0002050392155_img-300x169.jpg","resumo":"Marcos Braz tamb\u00e9m falou sobre a viagem \u00e0 Europa em busca de refor\u00e7os para o time"}}